{"id":147629,"date":"2018-11-19T17:45:16","date_gmt":"2018-11-19T16:45:16","guid":{"rendered":"https:\/\/www.magaze.it\/wps\/?p=147629"},"modified":"2018-11-19T17:45:16","modified_gmt":"2018-11-19T16:45:16","slug":"eccellenza-a-il-mussomeli-si-inchina-alla-corazzata-e-capolista-licata","status":"publish","type":"post","link":"https:\/\/www.magaze.it\/wps\/2018\/11\/19\/eccellenza-a-il-mussomeli-si-inchina-alla-corazzata-e-capolista-licata\/","title":{"rendered":"Eccellenza \u201cA\u201d \u2013 Il Mussomeli si inchina alla corazzata e capolista Licata"},"content":{"rendered":"<p style=\"text-align: justify;\"><strong>LICATA \u2013<\/strong> Il Mussomeli si arrende alla quasi \u201cproibitiva\u201d trasferta al cospetto della corazzata nonch\u00e9 capolista Licata di Giovanni Campanella. L\u2019undicesimo turno del campionato di Eccellenza girone A fa registrare la decima vittoria stagionale dei giallobl\u00f9, che battono i nisseni con un secco 3-0 e consolidano la vetta della classifica. La compagine rossobl\u00f9 aveva di fronte la squadra probabilmente pi\u00f9 competitiva del girone, tuttavia ha messo in campo cuore e grinta per fronteggiare al meglio le evidenti qualit\u00e0 licatesi in ogni reparto del campo.<\/p>\n<p style=\"text-align: justify;\"><a href=\"https:\/\/www.magaze.it\/wps\/2018\/11\/19\/eccellenza-a-il-mussomeli-si-inchina-alla-corazzata-e-capolista-licata\/licata-mussomeli\/\" rel=\"attachment wp-att-147630\"><img loading=\"lazy\" decoding=\"async\" class=\"alignleft size-medium wp-image-147630\" src=\"https:\/\/www.magaze.it\/wps\/wp-content\/uploads\/2018\/11\/LICATA-MUSSOMELI-300x168.jpg\" alt=\"\" width=\"300\" height=\"168\" srcset=\"https:\/\/www.magaze.it\/wps\/wp-content\/uploads\/2018\/11\/LICATA-MUSSOMELI-300x168.jpg 300w, https:\/\/www.magaze.it\/wps\/wp-content\/uploads\/2018\/11\/LICATA-MUSSOMELI-768x431.jpg 768w, https:\/\/www.magaze.it\/wps\/wp-content\/uploads\/2018\/11\/LICATA-MUSSOMELI-800x449.jpg 800w, https:\/\/www.magaze.it\/wps\/wp-content\/uploads\/2018\/11\/LICATA-MUSSOMELI-696x391.jpg 696w, https:\/\/www.magaze.it\/wps\/wp-content\/uploads\/2018\/11\/LICATA-MUSSOMELI-748x420.jpg 748w, https:\/\/www.magaze.it\/wps\/wp-content\/uploads\/2018\/11\/LICATA-MUSSOMELI.jpg 960w\" sizes=\"auto, (max-width: 300px) 100vw, 300px\" \/><\/a>I ragazzi di Alfredo Mattina tengono testa all\u2019avversario per un tempo, dimostrando compattezza ed efficacia. Il Mussomeli pratica subito un pressing alto, ma \u00e8 il Licata ad avere quasi sempre le occasioni migliori. A ridosso del 45\u2019 si sblocca il risultato: Convitto viene toccato in area e cade a terra, l\u2019arbitro non ha alcuna esitazione nel concedere il primo penalty della giornata che viene trasformato con freddezza da Cannav\u00f2.<\/p>\n<p style=\"text-align: justify;\">Il fantasista licatese si ripresenta dal dischetto al 52\u2019: Rizzo si invola in area, De Miere lo atterra e il direttore di gara dice che \u00e8 ancora rigore. Anche stavolta Cannav\u00f2 \u00e8 freddo dagli undici metri. Licata avanti 2-0. A chiudere il match dello stadio \u201cDino Liotta\u201d \u00e8 Convitto, che va via in dribbling a due avversari e con un tiro a giro fulmina l\u2019incolpevole De Miere. E\u2019 il goal del 3-0 che chiude la contesa.<\/p>\n<p style=\"text-align: justify;\"><span style=\"color: #800000;\"><strong>IL TABELLINO DELLA PARTITA:<\/strong><\/span><br \/>\nLICATA 3<br \/>\nMUSSOMELI 0<br \/>\n<strong>RETI<\/strong>: 45\u2019 Cannav\u00f2 su rig., 52\u2019 Cannav\u00f2 su rig., 68\u2019 Convitto.<br \/>\n<strong>LICATA<\/strong>: Valenti, Pira, Battimili (37\u2019 ST Enea), Doda (39\u2019 ST Cantavenera), Maltese, Cassaro, Rizzo (29\u2019 ST Gomez), Sangiorgio, Cannav\u00f2, Convitto, Testa. <strong>A DISPOSIZIONE<\/strong>: Di Paola, Dama, Favero, Cappello, Grosso, Corso. <strong>All<\/strong>.: Giovanni Campanella.<br \/>\n<strong>MUSSOMELI<\/strong>: De Miere, Ferrara, Bonura (6\u2019 ST Scozzaro), Greco, De Francesco, Licari (10\u2019 ST Guastella), Nucera, Mingoia (37\u2019 ST Favata), Cande, Treppiedi, F. Messina. <strong>A DISPOSIZIONE<\/strong>: Schifano, Catania, Giunta, G. Messina. <strong>All<\/strong>.: Alfredo Mattina.<br \/>\n<strong>ARBITRO<\/strong>: Fazio della sezione di Agrigento.<br \/>\n<strong>NOTE<\/strong>: Ammoniti Bonura, De Francesco, De Miere e Ferrara. Angoli 5-3 per il Mussomeli.<\/p>\n","protected":false},"excerpt":{"rendered":"<p>LICATA \u2013 Il Mussomeli si arrende alla quasi \u201cproibitiva\u201d trasferta al cospetto della corazzata nonch\u00e9 capolista Licata di Giovanni Campanella. L\u2019undicesimo turno del campionato di Eccellenza girone A fa registrare la decima vittoria stagionale dei giallobl\u00f9, che battono i nisseni con un secco 3-0 e consolidano la vetta della classifica. La compagine rossobl\u00f9 aveva di [&hellip;]<\/p>\n","protected":false},"author":419,"featured_media":147252,"comment_status":"open","ping_status":"open","sticky":false,"template":"","format":"standard","meta":{"footnotes":""},"categories":[13,2271,162],"tags":[451,349,521,9546,846],"class_list":["post-147629","post","type-post","status-publish","format-standard","has-post-thumbnail","hentry","category-mussomeli","category-sport-monti-sicani","category-sport-in-prima","tag-eccellenza-sicilia","tag-licata","tag-licata-calcio","tag-mussomeli","tag-mussomeli-calcio"],"yoast_head":"<!-- This site is optimized with the Yoast SEO plugin v28.4 - https:\/\/yoast.com\/product\/yoast-seo-wordpress\/ -->\n<title>Eccellenza \u201cA\u201d \u2013 Il Mussomeli si inchina alla corazzata e capolista Licata - Magaze.it<\/title>\n<meta name=\"description\" content=\"LICATA \u2013 Il Mussomeli si arrende alla quasi \u201cproibitiva\u201d trasferta al cospetto della corazzata nonch\u00e9 capolista Licata di Giovanni Campanella.\" \/>\n<meta name=\"robots\" content=\"index, follow, max-snippet:-1, max-image-preview:large, max-video-preview:-1\" \/>\n<link rel=\"canonical\" href=\"https:\/\/www.magaze.it\/wps\/2018\/11\/19\/eccellenza-a-il-mussomeli-si-inchina-alla-corazzata-e-capolista-licata\/\" \/>\n<meta property=\"og:locale\" content=\"it_IT\" \/>\n<meta property=\"og:type\" content=\"article\" \/>\n<meta property=\"og:title\" content=\"Eccellenza \u201cA\u201d \u2013 Il Mussomeli si inchina alla corazzata e capolista Licata - Magaze.it\" \/>\n<meta property=\"og:description\" content=\"LICATA \u2013 Il Mussomeli si arrende alla quasi \u201cproibitiva\u201d trasferta al cospetto della corazzata nonch\u00e9 capolista Licata di Giovanni Campanella.\" \/>\n<meta property=\"og:url\" content=\"https:\/\/www.magaze.it\/wps\/2018\/11\/19\/eccellenza-a-il-mussomeli-si-inchina-alla-corazzata-e-capolista-licata\/\" \/>\n<meta property=\"og:site_name\" content=\"Magaze.it\" \/>\n<meta property=\"article:publisher\" content=\"https:\/\/www.facebook.com\/magaze.it\/\" \/>\n<meta property=\"article:published_time\" content=\"2018-11-19T16:45:16+00:00\" \/>\n<meta property=\"og:image\" content=\"https:\/\/www.magaze.it\/wps\/wp-content\/uploads\/2018\/11\/MUSSOMELI-2018-19.jpg\" \/>\n\t<meta property=\"og:image:width\" content=\"960\" \/>\n\t<meta property=\"og:image:height\" content=\"640\" \/>\n\t<meta property=\"og:image:type\" content=\"image\/jpeg\" \/>\n<meta name=\"author\" content=\"Comunicati\" \/>\n<meta name=\"twitter:card\" content=\"summary_large_image\" \/>\n<meta name=\"twitter:creator\" content=\"@magazeit\" \/>\n<meta name=\"twitter:site\" content=\"@magazeit\" \/>\n<meta name=\"twitter:label1\" content=\"Scritto da\" \/>\n\t<meta name=\"twitter:data1\" content=\"Comunicati\" \/>\n\t<meta name=\"twitter:label2\" content=\"Tempo di lettura stimato\" \/>\n\t<meta name=\"twitter:data2\" content=\"2 minuti\" \/>\n<script type=\"application\/ld+json\" class=\"yoast-schema-graph\">{\"@context\":\"https:\\\/\\\/schema.org\",\"@graph\":[{\"@type\":\"Article\",\"@id\":\"https:\\\/\\\/www.magaze.it\\\/wps\\\/2018\\\/11\\\/19\\\/eccellenza-a-il-mussomeli-si-inchina-alla-corazzata-e-capolista-licata\\\/#article\",\"isPartOf\":{\"@id\":\"https:\\\/\\\/www.magaze.it\\\/wps\\\/2018\\\/11\\\/19\\\/eccellenza-a-il-mussomeli-si-inchina-alla-corazzata-e-capolista-licata\\\/\"},\"author\":{\"name\":\"Comunicati\",\"@id\":\"https:\\\/\\\/www.magaze.it\\\/wps\\\/#\\\/schema\\\/person\\\/e655dc7d75843381c941b2db25a02b12\"},\"headline\":\"Eccellenza \u201cA\u201d \u2013 Il Mussomeli si inchina alla corazzata e capolista Licata\",\"datePublished\":\"2018-11-19T16:45:16+00:00\",\"mainEntityOfPage\":{\"@id\":\"https:\\\/\\\/www.magaze.it\\\/wps\\\/2018\\\/11\\\/19\\\/eccellenza-a-il-mussomeli-si-inchina-alla-corazzata-e-capolista-licata\\\/\"},\"wordCount\":332,\"commentCount\":0,\"publisher\":{\"@id\":\"https:\\\/\\\/www.magaze.it\\\/wps\\\/#organization\"},\"image\":{\"@id\":\"https:\\\/\\\/www.magaze.it\\\/wps\\\/2018\\\/11\\\/19\\\/eccellenza-a-il-mussomeli-si-inchina-alla-corazzata-e-capolista-licata\\\/#primaryimage\"},\"thumbnailUrl\":\"https:\\\/\\\/www.magaze.it\\\/wps\\\/wp-content\\\/uploads\\\/2018\\\/11\\\/MUSSOMELI-2018-19.jpg\",\"keywords\":[\"Eccellenza Sicilia\",\"licata\",\"Licata calcio\",\"Mussomeli\",\"Mussomeli calcio\"],\"articleSection\":[\"Mussomeli\",\"SPORT\",\"SPORT calcio\"],\"inLanguage\":\"it-IT\",\"potentialAction\":[{\"@type\":\"CommentAction\",\"name\":\"Comment\",\"target\":[\"https:\\\/\\\/www.magaze.it\\\/wps\\\/2018\\\/11\\\/19\\\/eccellenza-a-il-mussomeli-si-inchina-alla-corazzata-e-capolista-licata\\\/#respond\"]}]},{\"@type\":\"WebPage\",\"@id\":\"https:\\\/\\\/www.magaze.it\\\/wps\\\/2018\\\/11\\\/19\\\/eccellenza-a-il-mussomeli-si-inchina-alla-corazzata-e-capolista-licata\\\/\",\"url\":\"https:\\\/\\\/www.magaze.it\\\/wps\\\/2018\\\/11\\\/19\\\/eccellenza-a-il-mussomeli-si-inchina-alla-corazzata-e-capolista-licata\\\/\",\"name\":\"Eccellenza \u201cA\u201d \u2013 Il Mussomeli si inchina alla corazzata e capolista Licata - Magaze.it\",\"isPartOf\":{\"@id\":\"https:\\\/\\\/www.magaze.it\\\/wps\\\/#website\"},\"primaryImageOfPage\":{\"@id\":\"https:\\\/\\\/www.magaze.it\\\/wps\\\/2018\\\/11\\\/19\\\/eccellenza-a-il-mussomeli-si-inchina-alla-corazzata-e-capolista-licata\\\/#primaryimage\"},\"image\":{\"@id\":\"https:\\\/\\\/www.magaze.it\\\/wps\\\/2018\\\/11\\\/19\\\/eccellenza-a-il-mussomeli-si-inchina-alla-corazzata-e-capolista-licata\\\/#primaryimage\"},\"thumbnailUrl\":\"https:\\\/\\\/www.magaze.it\\\/wps\\\/wp-content\\\/uploads\\\/2018\\\/11\\\/MUSSOMELI-2018-19.jpg\",\"datePublished\":\"2018-11-19T16:45:16+00:00\",\"description\":\"LICATA \u2013 Il Mussomeli si arrende alla quasi \u201cproibitiva\u201d trasferta al cospetto della corazzata nonch\u00e9 capolista Licata di Giovanni Campanella.\",\"breadcrumb\":{\"@id\":\"https:\\\/\\\/www.magaze.it\\\/wps\\\/2018\\\/11\\\/19\\\/eccellenza-a-il-mussomeli-si-inchina-alla-corazzata-e-capolista-licata\\\/#breadcrumb\"},\"inLanguage\":\"it-IT\",\"potentialAction\":[{\"@type\":\"ReadAction\",\"target\":[\"https:\\\/\\\/www.magaze.it\\\/wps\\\/2018\\\/11\\\/19\\\/eccellenza-a-il-mussomeli-si-inchina-alla-corazzata-e-capolista-licata\\\/\"]}]},{\"@type\":\"ImageObject\",\"inLanguage\":\"it-IT\",\"@id\":\"https:\\\/\\\/www.magaze.it\\\/wps\\\/2018\\\/11\\\/19\\\/eccellenza-a-il-mussomeli-si-inchina-alla-corazzata-e-capolista-licata\\\/#primaryimage\",\"url\":\"https:\\\/\\\/www.magaze.it\\\/wps\\\/wp-content\\\/uploads\\\/2018\\\/11\\\/MUSSOMELI-2018-19.jpg\",\"contentUrl\":\"https:\\\/\\\/www.magaze.it\\\/wps\\\/wp-content\\\/uploads\\\/2018\\\/11\\\/MUSSOMELI-2018-19.jpg\",\"width\":960,\"height\":640},{\"@type\":\"BreadcrumbList\",\"@id\":\"https:\\\/\\\/www.magaze.it\\\/wps\\\/2018\\\/11\\\/19\\\/eccellenza-a-il-mussomeli-si-inchina-alla-corazzata-e-capolista-licata\\\/#breadcrumb\",\"itemListElement\":[{\"@type\":\"ListItem\",\"position\":1,\"name\":\"Home\",\"item\":\"https:\\\/\\\/www.magaze.it\\\/wps\\\/\"},{\"@type\":\"ListItem\",\"position\":2,\"name\":\"Eccellenza \u201cA\u201d \u2013 Il Mussomeli si inchina alla corazzata e capolista Licata\"}]},{\"@type\":\"WebSite\",\"@id\":\"https:\\\/\\\/www.magaze.it\\\/wps\\\/#website\",\"url\":\"https:\\\/\\\/www.magaze.it\\\/wps\\\/\",\"name\":\"Magaze.it\",\"description\":\"L&#039;Informazione dei Sicani\",\"publisher\":{\"@id\":\"https:\\\/\\\/www.magaze.it\\\/wps\\\/#organization\"},\"potentialAction\":[{\"@type\":\"SearchAction\",\"target\":{\"@type\":\"EntryPoint\",\"urlTemplate\":\"https:\\\/\\\/www.magaze.it\\\/wps\\\/?s={search_term_string}\"},\"query-input\":{\"@type\":\"PropertyValueSpecification\",\"valueRequired\":true,\"valueName\":\"search_term_string\"}}],\"inLanguage\":\"it-IT\"},{\"@type\":\"Organization\",\"@id\":\"https:\\\/\\\/www.magaze.it\\\/wps\\\/#organization\",\"name\":\"Magaze\",\"url\":\"https:\\\/\\\/www.magaze.it\\\/wps\\\/\",\"logo\":{\"@type\":\"ImageObject\",\"inLanguage\":\"it-IT\",\"@id\":\"https:\\\/\\\/www.magaze.it\\\/wps\\\/#\\\/schema\\\/logo\\\/image\\\/\",\"url\":\"https:\\\/\\\/www.magaze.it\\\/wps\\\/wp-content\\\/uploads\\\/2019\\\/10\\\/logo-magaze.png\",\"contentUrl\":\"https:\\\/\\\/www.magaze.it\\\/wps\\\/wp-content\\\/uploads\\\/2019\\\/10\\\/logo-magaze.png\",\"width\":1500,\"height\":1500,\"caption\":\"Magaze\"},\"image\":{\"@id\":\"https:\\\/\\\/www.magaze.it\\\/wps\\\/#\\\/schema\\\/logo\\\/image\\\/\"},\"sameAs\":[\"https:\\\/\\\/www.facebook.com\\\/magaze.it\\\/\",\"https:\\\/\\\/x.com\\\/magazeit\",\"https:\\\/\\\/www.linkedin.com\\\/company\\\/magazeit\\\/\"]},{\"@type\":\"Person\",\"@id\":\"https:\\\/\\\/www.magaze.it\\\/wps\\\/#\\\/schema\\\/person\\\/e655dc7d75843381c941b2db25a02b12\",\"name\":\"Comunicati\",\"image\":{\"@type\":\"ImageObject\",\"inLanguage\":\"it-IT\",\"@id\":\"https:\\\/\\\/www.magaze.it\\\/wps\\\/wp-content\\\/uploads\\\/2015\\\/08\\\/mLogo_Effect_m_bianca-100x100.png\",\"url\":\"https:\\\/\\\/www.magaze.it\\\/wps\\\/wp-content\\\/uploads\\\/2015\\\/08\\\/mLogo_Effect_m_bianca-100x100.png\",\"contentUrl\":\"https:\\\/\\\/www.magaze.it\\\/wps\\\/wp-content\\\/uploads\\\/2015\\\/08\\\/mLogo_Effect_m_bianca-100x100.png\",\"caption\":\"Comunicati\"},\"url\":\"https:\\\/\\\/www.magaze.it\\\/wps\\\/author\\\/redazione\\\/\"}]}<\/script>\n<!-- \/ Yoast SEO plugin. -->","yoast_head_json":{"title":"Eccellenza \u201cA\u201d \u2013 Il Mussomeli si inchina alla corazzata e capolista Licata - Magaze.it","description":"LICATA \u2013 Il Mussomeli si arrende alla quasi \u201cproibitiva\u201d trasferta al cospetto della corazzata nonch\u00e9 capolista Licata di Giovanni Campanella.","robots":{"index":"index","follow":"follow","max-snippet":"max-snippet:-1","max-image-preview":"max-image-preview:large","max-video-preview":"max-video-preview:-1"},"canonical":"https:\/\/www.magaze.it\/wps\/2018\/11\/19\/eccellenza-a-il-mussomeli-si-inchina-alla-corazzata-e-capolista-licata\/","og_locale":"it_IT","og_type":"article","og_title":"Eccellenza \u201cA\u201d \u2013 Il Mussomeli si inchina alla corazzata e capolista Licata - Magaze.it","og_description":"LICATA \u2013 Il Mussomeli si arrende alla quasi \u201cproibitiva\u201d trasferta al cospetto della corazzata nonch\u00e9 capolista Licata di Giovanni Campanella.","og_url":"https:\/\/www.magaze.it\/wps\/2018\/11\/19\/eccellenza-a-il-mussomeli-si-inchina-alla-corazzata-e-capolista-licata\/","og_site_name":"Magaze.it","article_publisher":"https:\/\/www.facebook.com\/magaze.it\/","article_published_time":"2018-11-19T16:45:16+00:00","og_image":[{"width":960,"height":640,"url":"https:\/\/www.magaze.it\/wps\/wp-content\/uploads\/2018\/11\/MUSSOMELI-2018-19.jpg","type":"image\/jpeg"}],"author":"Comunicati","twitter_card":"summary_large_image","twitter_creator":"@magazeit","twitter_site":"@magazeit","twitter_misc":{"Scritto da":"Comunicati","Tempo di lettura stimato":"2 minuti"},"schema":{"@context":"https:\/\/schema.org","@graph":[{"@type":"Article","@id":"https:\/\/www.magaze.it\/wps\/2018\/11\/19\/eccellenza-a-il-mussomeli-si-inchina-alla-corazzata-e-capolista-licata\/#article","isPartOf":{"@id":"https:\/\/www.magaze.it\/wps\/2018\/11\/19\/eccellenza-a-il-mussomeli-si-inchina-alla-corazzata-e-capolista-licata\/"},"author":{"name":"Comunicati","@id":"https:\/\/www.magaze.it\/wps\/#\/schema\/person\/e655dc7d75843381c941b2db25a02b12"},"headline":"Eccellenza \u201cA\u201d \u2013 Il Mussomeli si inchina alla corazzata e capolista Licata","datePublished":"2018-11-19T16:45:16+00:00","mainEntityOfPage":{"@id":"https:\/\/www.magaze.it\/wps\/2018\/11\/19\/eccellenza-a-il-mussomeli-si-inchina-alla-corazzata-e-capolista-licata\/"},"wordCount":332,"commentCount":0,"publisher":{"@id":"https:\/\/www.magaze.it\/wps\/#organization"},"image":{"@id":"https:\/\/www.magaze.it\/wps\/2018\/11\/19\/eccellenza-a-il-mussomeli-si-inchina-alla-corazzata-e-capolista-licata\/#primaryimage"},"thumbnailUrl":"https:\/\/www.magaze.it\/wps\/wp-content\/uploads\/2018\/11\/MUSSOMELI-2018-19.jpg","keywords":["Eccellenza Sicilia","licata","Licata calcio","Mussomeli","Mussomeli calcio"],"articleSection":["Mussomeli","SPORT","SPORT calcio"],"inLanguage":"it-IT","potentialAction":[{"@type":"CommentAction","name":"Comment","target":["https:\/\/www.magaze.it\/wps\/2018\/11\/19\/eccellenza-a-il-mussomeli-si-inchina-alla-corazzata-e-capolista-licata\/#respond"]}]},{"@type":"WebPage","@id":"https:\/\/www.magaze.it\/wps\/2018\/11\/19\/eccellenza-a-il-mussomeli-si-inchina-alla-corazzata-e-capolista-licata\/","url":"https:\/\/www.magaze.it\/wps\/2018\/11\/19\/eccellenza-a-il-mussomeli-si-inchina-alla-corazzata-e-capolista-licata\/","name":"Eccellenza \u201cA\u201d \u2013 Il Mussomeli si inchina alla corazzata e capolista Licata - Magaze.it","isPartOf":{"@id":"https:\/\/www.magaze.it\/wps\/#website"},"primaryImageOfPage":{"@id":"https:\/\/www.magaze.it\/wps\/2018\/11\/19\/eccellenza-a-il-mussomeli-si-inchina-alla-corazzata-e-capolista-licata\/#primaryimage"},"image":{"@id":"https:\/\/www.magaze.it\/wps\/2018\/11\/19\/eccellenza-a-il-mussomeli-si-inchina-alla-corazzata-e-capolista-licata\/#primaryimage"},"thumbnailUrl":"https:\/\/www.magaze.it\/wps\/wp-content\/uploads\/2018\/11\/MUSSOMELI-2018-19.jpg","datePublished":"2018-11-19T16:45:16+00:00","description":"LICATA \u2013 Il Mussomeli si arrende alla quasi \u201cproibitiva\u201d trasferta al cospetto della corazzata nonch\u00e9 capolista Licata di Giovanni Campanella.","breadcrumb":{"@id":"https:\/\/www.magaze.it\/wps\/2018\/11\/19\/eccellenza-a-il-mussomeli-si-inchina-alla-corazzata-e-capolista-licata\/#breadcrumb"},"inLanguage":"it-IT","potentialAction":[{"@type":"ReadAction","target":["https:\/\/www.magaze.it\/wps\/2018\/11\/19\/eccellenza-a-il-mussomeli-si-inchina-alla-corazzata-e-capolista-licata\/"]}]},{"@type":"ImageObject","inLanguage":"it-IT","@id":"https:\/\/www.magaze.it\/wps\/2018\/11\/19\/eccellenza-a-il-mussomeli-si-inchina-alla-corazzata-e-capolista-licata\/#primaryimage","url":"https:\/\/www.magaze.it\/wps\/wp-content\/uploads\/2018\/11\/MUSSOMELI-2018-19.jpg","contentUrl":"https:\/\/www.magaze.it\/wps\/wp-content\/uploads\/2018\/11\/MUSSOMELI-2018-19.jpg","width":960,"height":640},{"@type":"BreadcrumbList","@id":"https:\/\/www.magaze.it\/wps\/2018\/11\/19\/eccellenza-a-il-mussomeli-si-inchina-alla-corazzata-e-capolista-licata\/#breadcrumb","itemListElement":[{"@type":"ListItem","position":1,"name":"Home","item":"https:\/\/www.magaze.it\/wps\/"},{"@type":"ListItem","position":2,"name":"Eccellenza \u201cA\u201d \u2013 Il Mussomeli si inchina alla corazzata e capolista Licata"}]},{"@type":"WebSite","@id":"https:\/\/www.magaze.it\/wps\/#website","url":"https:\/\/www.magaze.it\/wps\/","name":"Magaze.it","description":"L&#039;Informazione dei Sicani","publisher":{"@id":"https:\/\/www.magaze.it\/wps\/#organization"},"potentialAction":[{"@type":"SearchAction","target":{"@type":"EntryPoint","urlTemplate":"https:\/\/www.magaze.it\/wps\/?s={search_term_string}"},"query-input":{"@type":"PropertyValueSpecification","valueRequired":true,"valueName":"search_term_string"}}],"inLanguage":"it-IT"},{"@type":"Organization","@id":"https:\/\/www.magaze.it\/wps\/#organization","name":"Magaze","url":"https:\/\/www.magaze.it\/wps\/","logo":{"@type":"ImageObject","inLanguage":"it-IT","@id":"https:\/\/www.magaze.it\/wps\/#\/schema\/logo\/image\/","url":"https:\/\/www.magaze.it\/wps\/wp-content\/uploads\/2019\/10\/logo-magaze.png","contentUrl":"https:\/\/www.magaze.it\/wps\/wp-content\/uploads\/2019\/10\/logo-magaze.png","width":1500,"height":1500,"caption":"Magaze"},"image":{"@id":"https:\/\/www.magaze.it\/wps\/#\/schema\/logo\/image\/"},"sameAs":["https:\/\/www.facebook.com\/magaze.it\/","https:\/\/x.com\/magazeit","https:\/\/www.linkedin.com\/company\/magazeit\/"]},{"@type":"Person","@id":"https:\/\/www.magaze.it\/wps\/#\/schema\/person\/e655dc7d75843381c941b2db25a02b12","name":"Comunicati","image":{"@type":"ImageObject","inLanguage":"it-IT","@id":"https:\/\/www.magaze.it\/wps\/wp-content\/uploads\/2015\/08\/mLogo_Effect_m_bianca-100x100.png","url":"https:\/\/www.magaze.it\/wps\/wp-content\/uploads\/2015\/08\/mLogo_Effect_m_bianca-100x100.png","contentUrl":"https:\/\/www.magaze.it\/wps\/wp-content\/uploads\/2015\/08\/mLogo_Effect_m_bianca-100x100.png","caption":"Comunicati"},"url":"https:\/\/www.magaze.it\/wps\/author\/redazione\/"}]}},"amp_enabled":true,"_links":{"self":[{"href":"https:\/\/www.magaze.it\/wps\/wp-json\/wp\/v2\/posts\/147629","targetHints":{"allow":["GET"]}}],"collection":[{"href":"https:\/\/www.magaze.it\/wps\/wp-json\/wp\/v2\/posts"}],"about":[{"href":"https:\/\/www.magaze.it\/wps\/wp-json\/wp\/v2\/types\/post"}],"author":[{"embeddable":true,"href":"https:\/\/www.magaze.it\/wps\/wp-json\/wp\/v2\/users\/419"}],"replies":[{"embeddable":true,"href":"https:\/\/www.magaze.it\/wps\/wp-json\/wp\/v2\/comments?post=147629"}],"version-history":[{"count":0,"href":"https:\/\/www.magaze.it\/wps\/wp-json\/wp\/v2\/posts\/147629\/revisions"}],"wp:featuredmedia":[{"embeddable":true,"href":"https:\/\/www.magaze.it\/wps\/wp-json\/wp\/v2\/media\/147252"}],"wp:attachment":[{"href":"https:\/\/www.magaze.it\/wps\/wp-json\/wp\/v2\/media?parent=147629"}],"wp:term":[{"taxonomy":"category","embeddable":true,"href":"https:\/\/www.magaze.it\/wps\/wp-json\/wp\/v2\/categories?post=147629"},{"taxonomy":"post_tag","embeddable":true,"href":"https:\/\/www.magaze.it\/wps\/wp-json\/wp\/v2\/tags?post=147629"}],"curies":[{"name":"wp","href":"https:\/\/api.w.org\/{rel}","templated":true}]}}