{"id":147018,"date":"2018-11-03T11:31:18","date_gmt":"2018-11-03T10:31:18","guid":{"rendered":"http:\/\/www.magaze.it\/wps\/?p=147018"},"modified":"2018-11-03T11:31:18","modified_gmt":"2018-11-03T10:31:18","slug":"allievi-prov-agrigento-pari-esterno-del-gemini-calcio-a-licata-coniglio-salva-i-biancorossi","status":"publish","type":"post","link":"https:\/\/www.magaze.it\/wps\/2018\/11\/03\/allievi-prov-agrigento-pari-esterno-del-gemini-calcio-a-licata-coniglio-salva-i-biancorossi\/","title":{"rendered":"Allievi Prov. Agrigento \u2013 Pari esterno del Gemini calcio a Licata: Coniglio salva i biancorossi"},"content":{"rendered":"<p style=\"text-align: justify;\"><strong>LICATA \u2013<\/strong> E\u2019 terminato in parit\u00e0, 2-2, l\u2019anticipo tra gli Allievi Provinciali del Licata e i pari et\u00e0 del Gemini calcio guidati da Nicola Serio, match valido per la seconda giornata del girone agrigentino. La gara si \u00e8 giocata venerd\u00ec scorso 2 novembre e ha aperto il programma che verr\u00e0 completato con le partite di oggi e di domani. Un punto certamente positivo, arrivato tra l\u2019altro in un campo ostico e duro, in cui qualsiasi avversario non avr\u00e0 vita facile durante la stagione.<\/p>\n<p style=\"text-align: justify;\">I biancorossi sono andati per ben due volte in svantaggio alla luce delle reti di D\u2019Andrea e Grillo, ma puntualmente sono riusciti a pareggiare la contesa con una superlativa doppietta del giovanissimo Gaetano Coniglio. La prima rete \u00e8 giunta con un gran tiro da fuori area, mentre il sigillo per il definitivo 2-2 \u00e8 stato realizzato direttamente sugli sviluppi di un calcio di rigore. Gli Allievi del Gemini calcio salgono cos\u00ec a quota 4 punti in classifica nelle prime due giornate di campionato e sabato prossimo, 10 novembre 2018, riceveranno il Porto Empedocle allo stadio comunale \u201cNino Lo Bue\u201d di San Giovanni Gemini.<\/p>\n","protected":false},"excerpt":{"rendered":"<p>LICATA \u2013 E\u2019 terminato in parit\u00e0, 2-2, l\u2019anticipo tra gli Allievi Provinciali del Licata e i pari et\u00e0 del Gemini calcio guidati da Nicola Serio, match valido per la seconda giornata del girone agrigentino. La gara si \u00e8 giocata venerd\u00ec scorso 2 novembre e ha aperto il programma che verr\u00e0 completato con le partite di [&hellip;]<\/p>\n","protected":false},"author":419,"featured_media":147019,"comment_status":"open","ping_status":"open","sticky":false,"template":"","format":"standard","meta":{"footnotes":""},"categories":[10,2271,162],"tags":[9835,1660,115,349,521,9542],"class_list":["post-147018","post","type-post","status-publish","format-standard","has-post-thumbnail","hentry","category-san-giovanni-gemini","category-sport-monti-sicani","category-sport-in-prima","tag-allievi-provinciali-agrigento","tag-calcio-giovanile","tag-gemini-calcio","tag-licata","tag-licata-calcio","tag-san-giovanni-gemini"],"yoast_head":"<!-- This site is optimized with the Yoast SEO plugin v28.4 - https:\/\/yoast.com\/product\/yoast-seo-wordpress\/ -->\n<title>Allievi Prov. Agrigento \u2013 Pari esterno del Gemini calcio a Licata: Coniglio salva i biancorossi - Magaze.it<\/title>\n<meta name=\"description\" content=\"LICATA \u2013 E\u2019 terminato in parit\u00e0, 2-2, l\u2019anticipo tra gli Allievi Provinciali del Licata e i pari et\u00e0 del Gemini calcio guidati da Nicola Serio, match\" \/>\n<meta name=\"robots\" content=\"index, follow, max-snippet:-1, max-image-preview:large, max-video-preview:-1\" \/>\n<link rel=\"canonical\" href=\"https:\/\/www.magaze.it\/wps\/2018\/11\/03\/allievi-prov-agrigento-pari-esterno-del-gemini-calcio-a-licata-coniglio-salva-i-biancorossi\/\" \/>\n<meta property=\"og:locale\" content=\"it_IT\" \/>\n<meta property=\"og:type\" content=\"article\" \/>\n<meta property=\"og:title\" content=\"Allievi Prov. Agrigento \u2013 Pari esterno del Gemini calcio a Licata: Coniglio salva i biancorossi - Magaze.it\" \/>\n<meta property=\"og:description\" content=\"LICATA \u2013 E\u2019 terminato in parit\u00e0, 2-2, l\u2019anticipo tra gli Allievi Provinciali del Licata e i pari et\u00e0 del Gemini calcio guidati da Nicola Serio, match\" \/>\n<meta property=\"og:url\" content=\"https:\/\/www.magaze.it\/wps\/2018\/11\/03\/allievi-prov-agrigento-pari-esterno-del-gemini-calcio-a-licata-coniglio-salva-i-biancorossi\/\" \/>\n<meta property=\"og:site_name\" content=\"Magaze.it\" \/>\n<meta property=\"article:publisher\" content=\"https:\/\/www.facebook.com\/magaze.it\/\" \/>\n<meta property=\"article:published_time\" content=\"2018-11-03T10:31:18+00:00\" \/>\n<meta property=\"og:image\" content=\"https:\/\/www.magaze.it\/wps\/wp-content\/uploads\/2018\/11\/ALLIEVI-GEMINI-CALCIO-2018-19.jpg\" \/>\n\t<meta property=\"og:image:width\" content=\"960\" \/>\n\t<meta property=\"og:image:height\" content=\"720\" \/>\n\t<meta property=\"og:image:type\" content=\"image\/jpeg\" \/>\n<meta name=\"author\" content=\"Comunicati\" \/>\n<meta name=\"twitter:card\" content=\"summary_large_image\" \/>\n<meta name=\"twitter:creator\" content=\"@magazeit\" \/>\n<meta name=\"twitter:site\" content=\"@magazeit\" \/>\n<meta name=\"twitter:label1\" content=\"Scritto da\" \/>\n\t<meta name=\"twitter:data1\" content=\"Comunicati\" \/>\n\t<meta name=\"twitter:label2\" content=\"Tempo di lettura stimato\" \/>\n\t<meta name=\"twitter:data2\" content=\"1 minuto\" \/>\n<script type=\"application\/ld+json\" class=\"yoast-schema-graph\">{\"@context\":\"https:\\\/\\\/schema.org\",\"@graph\":[{\"@type\":\"Article\",\"@id\":\"https:\\\/\\\/www.magaze.it\\\/wps\\\/2018\\\/11\\\/03\\\/allievi-prov-agrigento-pari-esterno-del-gemini-calcio-a-licata-coniglio-salva-i-biancorossi\\\/#article\",\"isPartOf\":{\"@id\":\"https:\\\/\\\/www.magaze.it\\\/wps\\\/2018\\\/11\\\/03\\\/allievi-prov-agrigento-pari-esterno-del-gemini-calcio-a-licata-coniglio-salva-i-biancorossi\\\/\"},\"author\":{\"name\":\"Comunicati\",\"@id\":\"https:\\\/\\\/www.magaze.it\\\/wps\\\/#\\\/schema\\\/person\\\/e655dc7d75843381c941b2db25a02b12\"},\"headline\":\"Allievi Prov. Agrigento \u2013 Pari esterno del Gemini calcio a Licata: Coniglio salva i biancorossi\",\"datePublished\":\"2018-11-03T10:31:18+00:00\",\"mainEntityOfPage\":{\"@id\":\"https:\\\/\\\/www.magaze.it\\\/wps\\\/2018\\\/11\\\/03\\\/allievi-prov-agrigento-pari-esterno-del-gemini-calcio-a-licata-coniglio-salva-i-biancorossi\\\/\"},\"wordCount\":195,\"commentCount\":0,\"publisher\":{\"@id\":\"https:\\\/\\\/www.magaze.it\\\/wps\\\/#organization\"},\"image\":{\"@id\":\"https:\\\/\\\/www.magaze.it\\\/wps\\\/2018\\\/11\\\/03\\\/allievi-prov-agrigento-pari-esterno-del-gemini-calcio-a-licata-coniglio-salva-i-biancorossi\\\/#primaryimage\"},\"thumbnailUrl\":\"https:\\\/\\\/www.magaze.it\\\/wps\\\/wp-content\\\/uploads\\\/2018\\\/11\\\/ALLIEVI-GEMINI-CALCIO-2018-19.jpg\",\"keywords\":[\"Allievi provinciali Agrigento\",\"calcio giovanile\",\"Gemini Calcio\",\"licata\",\"Licata calcio\",\"San Giovanni Gemini\"],\"articleSection\":[\"San Giovanni Gemini\",\"SPORT\",\"SPORT calcio\"],\"inLanguage\":\"it-IT\",\"potentialAction\":[{\"@type\":\"CommentAction\",\"name\":\"Comment\",\"target\":[\"https:\\\/\\\/www.magaze.it\\\/wps\\\/2018\\\/11\\\/03\\\/allievi-prov-agrigento-pari-esterno-del-gemini-calcio-a-licata-coniglio-salva-i-biancorossi\\\/#respond\"]}]},{\"@type\":\"WebPage\",\"@id\":\"https:\\\/\\\/www.magaze.it\\\/wps\\\/2018\\\/11\\\/03\\\/allievi-prov-agrigento-pari-esterno-del-gemini-calcio-a-licata-coniglio-salva-i-biancorossi\\\/\",\"url\":\"https:\\\/\\\/www.magaze.it\\\/wps\\\/2018\\\/11\\\/03\\\/allievi-prov-agrigento-pari-esterno-del-gemini-calcio-a-licata-coniglio-salva-i-biancorossi\\\/\",\"name\":\"Allievi Prov. Agrigento \u2013 Pari esterno del Gemini calcio a Licata: Coniglio salva i biancorossi - Magaze.it\",\"isPartOf\":{\"@id\":\"https:\\\/\\\/www.magaze.it\\\/wps\\\/#website\"},\"primaryImageOfPage\":{\"@id\":\"https:\\\/\\\/www.magaze.it\\\/wps\\\/2018\\\/11\\\/03\\\/allievi-prov-agrigento-pari-esterno-del-gemini-calcio-a-licata-coniglio-salva-i-biancorossi\\\/#primaryimage\"},\"image\":{\"@id\":\"https:\\\/\\\/www.magaze.it\\\/wps\\\/2018\\\/11\\\/03\\\/allievi-prov-agrigento-pari-esterno-del-gemini-calcio-a-licata-coniglio-salva-i-biancorossi\\\/#primaryimage\"},\"thumbnailUrl\":\"https:\\\/\\\/www.magaze.it\\\/wps\\\/wp-content\\\/uploads\\\/2018\\\/11\\\/ALLIEVI-GEMINI-CALCIO-2018-19.jpg\",\"datePublished\":\"2018-11-03T10:31:18+00:00\",\"description\":\"LICATA \u2013 E\u2019 terminato in parit\u00e0, 2-2, l\u2019anticipo tra gli Allievi Provinciali del Licata e i pari et\u00e0 del Gemini calcio guidati da Nicola Serio, match\",\"breadcrumb\":{\"@id\":\"https:\\\/\\\/www.magaze.it\\\/wps\\\/2018\\\/11\\\/03\\\/allievi-prov-agrigento-pari-esterno-del-gemini-calcio-a-licata-coniglio-salva-i-biancorossi\\\/#breadcrumb\"},\"inLanguage\":\"it-IT\",\"potentialAction\":[{\"@type\":\"ReadAction\",\"target\":[\"https:\\\/\\\/www.magaze.it\\\/wps\\\/2018\\\/11\\\/03\\\/allievi-prov-agrigento-pari-esterno-del-gemini-calcio-a-licata-coniglio-salva-i-biancorossi\\\/\"]}]},{\"@type\":\"ImageObject\",\"inLanguage\":\"it-IT\",\"@id\":\"https:\\\/\\\/www.magaze.it\\\/wps\\\/2018\\\/11\\\/03\\\/allievi-prov-agrigento-pari-esterno-del-gemini-calcio-a-licata-coniglio-salva-i-biancorossi\\\/#primaryimage\",\"url\":\"https:\\\/\\\/www.magaze.it\\\/wps\\\/wp-content\\\/uploads\\\/2018\\\/11\\\/ALLIEVI-GEMINI-CALCIO-2018-19.jpg\",\"contentUrl\":\"https:\\\/\\\/www.magaze.it\\\/wps\\\/wp-content\\\/uploads\\\/2018\\\/11\\\/ALLIEVI-GEMINI-CALCIO-2018-19.jpg\",\"width\":960,\"height\":720,\"caption\":\"PHOTO PIETRO PINNA.\"},{\"@type\":\"BreadcrumbList\",\"@id\":\"https:\\\/\\\/www.magaze.it\\\/wps\\\/2018\\\/11\\\/03\\\/allievi-prov-agrigento-pari-esterno-del-gemini-calcio-a-licata-coniglio-salva-i-biancorossi\\\/#breadcrumb\",\"itemListElement\":[{\"@type\":\"ListItem\",\"position\":1,\"name\":\"Home\",\"item\":\"https:\\\/\\\/www.magaze.it\\\/wps\\\/\"},{\"@type\":\"ListItem\",\"position\":2,\"name\":\"Allievi Prov. Agrigento \u2013 Pari esterno del Gemini calcio a Licata: Coniglio salva i biancorossi\"}]},{\"@type\":\"WebSite\",\"@id\":\"https:\\\/\\\/www.magaze.it\\\/wps\\\/#website\",\"url\":\"https:\\\/\\\/www.magaze.it\\\/wps\\\/\",\"name\":\"Magaze.it\",\"description\":\"L&#039;Informazione dei Sicani\",\"publisher\":{\"@id\":\"https:\\\/\\\/www.magaze.it\\\/wps\\\/#organization\"},\"potentialAction\":[{\"@type\":\"SearchAction\",\"target\":{\"@type\":\"EntryPoint\",\"urlTemplate\":\"https:\\\/\\\/www.magaze.it\\\/wps\\\/?s={search_term_string}\"},\"query-input\":{\"@type\":\"PropertyValueSpecification\",\"valueRequired\":true,\"valueName\":\"search_term_string\"}}],\"inLanguage\":\"it-IT\"},{\"@type\":\"Organization\",\"@id\":\"https:\\\/\\\/www.magaze.it\\\/wps\\\/#organization\",\"name\":\"Magaze\",\"url\":\"https:\\\/\\\/www.magaze.it\\\/wps\\\/\",\"logo\":{\"@type\":\"ImageObject\",\"inLanguage\":\"it-IT\",\"@id\":\"https:\\\/\\\/www.magaze.it\\\/wps\\\/#\\\/schema\\\/logo\\\/image\\\/\",\"url\":\"https:\\\/\\\/www.magaze.it\\\/wps\\\/wp-content\\\/uploads\\\/2019\\\/10\\\/logo-magaze.png\",\"contentUrl\":\"https:\\\/\\\/www.magaze.it\\\/wps\\\/wp-content\\\/uploads\\\/2019\\\/10\\\/logo-magaze.png\",\"width\":1500,\"height\":1500,\"caption\":\"Magaze\"},\"image\":{\"@id\":\"https:\\\/\\\/www.magaze.it\\\/wps\\\/#\\\/schema\\\/logo\\\/image\\\/\"},\"sameAs\":[\"https:\\\/\\\/www.facebook.com\\\/magaze.it\\\/\",\"https:\\\/\\\/x.com\\\/magazeit\",\"https:\\\/\\\/www.linkedin.com\\\/company\\\/magazeit\\\/\"]},{\"@type\":\"Person\",\"@id\":\"https:\\\/\\\/www.magaze.it\\\/wps\\\/#\\\/schema\\\/person\\\/e655dc7d75843381c941b2db25a02b12\",\"name\":\"Comunicati\",\"image\":{\"@type\":\"ImageObject\",\"inLanguage\":\"it-IT\",\"@id\":\"https:\\\/\\\/www.magaze.it\\\/wps\\\/wp-content\\\/uploads\\\/2015\\\/08\\\/mLogo_Effect_m_bianca-100x100.png\",\"url\":\"https:\\\/\\\/www.magaze.it\\\/wps\\\/wp-content\\\/uploads\\\/2015\\\/08\\\/mLogo_Effect_m_bianca-100x100.png\",\"contentUrl\":\"https:\\\/\\\/www.magaze.it\\\/wps\\\/wp-content\\\/uploads\\\/2015\\\/08\\\/mLogo_Effect_m_bianca-100x100.png\",\"caption\":\"Comunicati\"},\"url\":\"https:\\\/\\\/www.magaze.it\\\/wps\\\/author\\\/redazione\\\/\"}]}<\/script>\n<!-- \/ Yoast SEO plugin. -->","yoast_head_json":{"title":"Allievi Prov. Agrigento \u2013 Pari esterno del Gemini calcio a Licata: Coniglio salva i biancorossi - Magaze.it","description":"LICATA \u2013 E\u2019 terminato in parit\u00e0, 2-2, l\u2019anticipo tra gli Allievi Provinciali del Licata e i pari et\u00e0 del Gemini calcio guidati da Nicola Serio, match","robots":{"index":"index","follow":"follow","max-snippet":"max-snippet:-1","max-image-preview":"max-image-preview:large","max-video-preview":"max-video-preview:-1"},"canonical":"https:\/\/www.magaze.it\/wps\/2018\/11\/03\/allievi-prov-agrigento-pari-esterno-del-gemini-calcio-a-licata-coniglio-salva-i-biancorossi\/","og_locale":"it_IT","og_type":"article","og_title":"Allievi Prov. Agrigento \u2013 Pari esterno del Gemini calcio a Licata: Coniglio salva i biancorossi - Magaze.it","og_description":"LICATA \u2013 E\u2019 terminato in parit\u00e0, 2-2, l\u2019anticipo tra gli Allievi Provinciali del Licata e i pari et\u00e0 del Gemini calcio guidati da Nicola Serio, match","og_url":"https:\/\/www.magaze.it\/wps\/2018\/11\/03\/allievi-prov-agrigento-pari-esterno-del-gemini-calcio-a-licata-coniglio-salva-i-biancorossi\/","og_site_name":"Magaze.it","article_publisher":"https:\/\/www.facebook.com\/magaze.it\/","article_published_time":"2018-11-03T10:31:18+00:00","og_image":[{"width":960,"height":720,"url":"https:\/\/www.magaze.it\/wps\/wp-content\/uploads\/2018\/11\/ALLIEVI-GEMINI-CALCIO-2018-19.jpg","type":"image\/jpeg"}],"author":"Comunicati","twitter_card":"summary_large_image","twitter_creator":"@magazeit","twitter_site":"@magazeit","twitter_misc":{"Scritto da":"Comunicati","Tempo di lettura stimato":"1 minuto"},"schema":{"@context":"https:\/\/schema.org","@graph":[{"@type":"Article","@id":"https:\/\/www.magaze.it\/wps\/2018\/11\/03\/allievi-prov-agrigento-pari-esterno-del-gemini-calcio-a-licata-coniglio-salva-i-biancorossi\/#article","isPartOf":{"@id":"https:\/\/www.magaze.it\/wps\/2018\/11\/03\/allievi-prov-agrigento-pari-esterno-del-gemini-calcio-a-licata-coniglio-salva-i-biancorossi\/"},"author":{"name":"Comunicati","@id":"https:\/\/www.magaze.it\/wps\/#\/schema\/person\/e655dc7d75843381c941b2db25a02b12"},"headline":"Allievi Prov. Agrigento \u2013 Pari esterno del Gemini calcio a Licata: Coniglio salva i biancorossi","datePublished":"2018-11-03T10:31:18+00:00","mainEntityOfPage":{"@id":"https:\/\/www.magaze.it\/wps\/2018\/11\/03\/allievi-prov-agrigento-pari-esterno-del-gemini-calcio-a-licata-coniglio-salva-i-biancorossi\/"},"wordCount":195,"commentCount":0,"publisher":{"@id":"https:\/\/www.magaze.it\/wps\/#organization"},"image":{"@id":"https:\/\/www.magaze.it\/wps\/2018\/11\/03\/allievi-prov-agrigento-pari-esterno-del-gemini-calcio-a-licata-coniglio-salva-i-biancorossi\/#primaryimage"},"thumbnailUrl":"https:\/\/www.magaze.it\/wps\/wp-content\/uploads\/2018\/11\/ALLIEVI-GEMINI-CALCIO-2018-19.jpg","keywords":["Allievi provinciali Agrigento","calcio giovanile","Gemini Calcio","licata","Licata calcio","San Giovanni Gemini"],"articleSection":["San Giovanni Gemini","SPORT","SPORT calcio"],"inLanguage":"it-IT","potentialAction":[{"@type":"CommentAction","name":"Comment","target":["https:\/\/www.magaze.it\/wps\/2018\/11\/03\/allievi-prov-agrigento-pari-esterno-del-gemini-calcio-a-licata-coniglio-salva-i-biancorossi\/#respond"]}]},{"@type":"WebPage","@id":"https:\/\/www.magaze.it\/wps\/2018\/11\/03\/allievi-prov-agrigento-pari-esterno-del-gemini-calcio-a-licata-coniglio-salva-i-biancorossi\/","url":"https:\/\/www.magaze.it\/wps\/2018\/11\/03\/allievi-prov-agrigento-pari-esterno-del-gemini-calcio-a-licata-coniglio-salva-i-biancorossi\/","name":"Allievi Prov. Agrigento \u2013 Pari esterno del Gemini calcio a Licata: Coniglio salva i biancorossi - Magaze.it","isPartOf":{"@id":"https:\/\/www.magaze.it\/wps\/#website"},"primaryImageOfPage":{"@id":"https:\/\/www.magaze.it\/wps\/2018\/11\/03\/allievi-prov-agrigento-pari-esterno-del-gemini-calcio-a-licata-coniglio-salva-i-biancorossi\/#primaryimage"},"image":{"@id":"https:\/\/www.magaze.it\/wps\/2018\/11\/03\/allievi-prov-agrigento-pari-esterno-del-gemini-calcio-a-licata-coniglio-salva-i-biancorossi\/#primaryimage"},"thumbnailUrl":"https:\/\/www.magaze.it\/wps\/wp-content\/uploads\/2018\/11\/ALLIEVI-GEMINI-CALCIO-2018-19.jpg","datePublished":"2018-11-03T10:31:18+00:00","description":"LICATA \u2013 E\u2019 terminato in parit\u00e0, 2-2, l\u2019anticipo tra gli Allievi Provinciali del Licata e i pari et\u00e0 del Gemini calcio guidati da Nicola Serio, match","breadcrumb":{"@id":"https:\/\/www.magaze.it\/wps\/2018\/11\/03\/allievi-prov-agrigento-pari-esterno-del-gemini-calcio-a-licata-coniglio-salva-i-biancorossi\/#breadcrumb"},"inLanguage":"it-IT","potentialAction":[{"@type":"ReadAction","target":["https:\/\/www.magaze.it\/wps\/2018\/11\/03\/allievi-prov-agrigento-pari-esterno-del-gemini-calcio-a-licata-coniglio-salva-i-biancorossi\/"]}]},{"@type":"ImageObject","inLanguage":"it-IT","@id":"https:\/\/www.magaze.it\/wps\/2018\/11\/03\/allievi-prov-agrigento-pari-esterno-del-gemini-calcio-a-licata-coniglio-salva-i-biancorossi\/#primaryimage","url":"https:\/\/www.magaze.it\/wps\/wp-content\/uploads\/2018\/11\/ALLIEVI-GEMINI-CALCIO-2018-19.jpg","contentUrl":"https:\/\/www.magaze.it\/wps\/wp-content\/uploads\/2018\/11\/ALLIEVI-GEMINI-CALCIO-2018-19.jpg","width":960,"height":720,"caption":"PHOTO PIETRO PINNA."},{"@type":"BreadcrumbList","@id":"https:\/\/www.magaze.it\/wps\/2018\/11\/03\/allievi-prov-agrigento-pari-esterno-del-gemini-calcio-a-licata-coniglio-salva-i-biancorossi\/#breadcrumb","itemListElement":[{"@type":"ListItem","position":1,"name":"Home","item":"https:\/\/www.magaze.it\/wps\/"},{"@type":"ListItem","position":2,"name":"Allievi Prov. Agrigento \u2013 Pari esterno del Gemini calcio a Licata: Coniglio salva i biancorossi"}]},{"@type":"WebSite","@id":"https:\/\/www.magaze.it\/wps\/#website","url":"https:\/\/www.magaze.it\/wps\/","name":"Magaze.it","description":"L&#039;Informazione dei Sicani","publisher":{"@id":"https:\/\/www.magaze.it\/wps\/#organization"},"potentialAction":[{"@type":"SearchAction","target":{"@type":"EntryPoint","urlTemplate":"https:\/\/www.magaze.it\/wps\/?s={search_term_string}"},"query-input":{"@type":"PropertyValueSpecification","valueRequired":true,"valueName":"search_term_string"}}],"inLanguage":"it-IT"},{"@type":"Organization","@id":"https:\/\/www.magaze.it\/wps\/#organization","name":"Magaze","url":"https:\/\/www.magaze.it\/wps\/","logo":{"@type":"ImageObject","inLanguage":"it-IT","@id":"https:\/\/www.magaze.it\/wps\/#\/schema\/logo\/image\/","url":"https:\/\/www.magaze.it\/wps\/wp-content\/uploads\/2019\/10\/logo-magaze.png","contentUrl":"https:\/\/www.magaze.it\/wps\/wp-content\/uploads\/2019\/10\/logo-magaze.png","width":1500,"height":1500,"caption":"Magaze"},"image":{"@id":"https:\/\/www.magaze.it\/wps\/#\/schema\/logo\/image\/"},"sameAs":["https:\/\/www.facebook.com\/magaze.it\/","https:\/\/x.com\/magazeit","https:\/\/www.linkedin.com\/company\/magazeit\/"]},{"@type":"Person","@id":"https:\/\/www.magaze.it\/wps\/#\/schema\/person\/e655dc7d75843381c941b2db25a02b12","name":"Comunicati","image":{"@type":"ImageObject","inLanguage":"it-IT","@id":"https:\/\/www.magaze.it\/wps\/wp-content\/uploads\/2015\/08\/mLogo_Effect_m_bianca-100x100.png","url":"https:\/\/www.magaze.it\/wps\/wp-content\/uploads\/2015\/08\/mLogo_Effect_m_bianca-100x100.png","contentUrl":"https:\/\/www.magaze.it\/wps\/wp-content\/uploads\/2015\/08\/mLogo_Effect_m_bianca-100x100.png","caption":"Comunicati"},"url":"https:\/\/www.magaze.it\/wps\/author\/redazione\/"}]}},"amp_enabled":true,"_links":{"self":[{"href":"https:\/\/www.magaze.it\/wps\/wp-json\/wp\/v2\/posts\/147018","targetHints":{"allow":["GET"]}}],"collection":[{"href":"https:\/\/www.magaze.it\/wps\/wp-json\/wp\/v2\/posts"}],"about":[{"href":"https:\/\/www.magaze.it\/wps\/wp-json\/wp\/v2\/types\/post"}],"author":[{"embeddable":true,"href":"https:\/\/www.magaze.it\/wps\/wp-json\/wp\/v2\/users\/419"}],"replies":[{"embeddable":true,"href":"https:\/\/www.magaze.it\/wps\/wp-json\/wp\/v2\/comments?post=147018"}],"version-history":[{"count":0,"href":"https:\/\/www.magaze.it\/wps\/wp-json\/wp\/v2\/posts\/147018\/revisions"}],"wp:featuredmedia":[{"embeddable":true,"href":"https:\/\/www.magaze.it\/wps\/wp-json\/wp\/v2\/media\/147019"}],"wp:attachment":[{"href":"https:\/\/www.magaze.it\/wps\/wp-json\/wp\/v2\/media?parent=147018"}],"wp:term":[{"taxonomy":"category","embeddable":true,"href":"https:\/\/www.magaze.it\/wps\/wp-json\/wp\/v2\/categories?post=147018"},{"taxonomy":"post_tag","embeddable":true,"href":"https:\/\/www.magaze.it\/wps\/wp-json\/wp\/v2\/tags?post=147018"}],"curies":[{"name":"wp","href":"https:\/\/api.w.org\/{rel}","templated":true}]}}