{"id":129290,"date":"2017-04-24T14:32:17","date_gmt":"2017-04-24T12:32:17","guid":{"rendered":"http:\/\/www.magaze.it\/wps\/?p=129290"},"modified":"2017-04-24T14:32:17","modified_gmt":"2017-04-24T12:32:17","slug":"precipita-dal-suo-fienile-anziano-cammaratese-trasportato-palermo-elisoccorso-disperate-le-sue-condizioni","status":"publish","type":"post","link":"https:\/\/www.magaze.it\/wps\/2017\/04\/24\/precipita-dal-suo-fienile-anziano-cammaratese-trasportato-palermo-elisoccorso-disperate-le-sue-condizioni\/","title":{"rendered":"Precipita dal suo fienile: anziano cammaratese trasportato a Palermo in elisoccorso. Disperate le sue condizioni"},"content":{"rendered":"<p style=\"text-align: justify;\">CAMMARATA &#8211; Sarebbe precipitato dal suo fienile alto circa cinque metri schiantandosi fortemente sul suolo. E&#8217; quanto accaduto ieri, domenica 23 aprile, ad un pensionato ottantaduenne di Cammarata e residente a San Giovanni Gemini. Non \u00e8 ancora chiara la dinamica, che cosa stesse facendo e perch\u00e9 fosse arrampicato. L&#8217;impatto a terra \u00e8 stato gravissimo, tanto da provocargli traumi e ferite. Dopo un primo intervento all&#8217;Ospedale &#8220;Maria Immacolata Longo&#8221; di Mussomeli, l&#8217;anziano in fin di vita <em>&#8211; S. B., queste le iniziali &#8211;<\/em> \u00e8 stato trasportato in elisoccorso a Palermo, quindi \u00e8 stato tempestivamente ricoverato a Villa Sofia viste le sue\u00a0condizioni disperate a detta dei medici.<\/p>\n<p style=\"text-align: justify;\">Per l&#8217;ottantaduenne, quella di ieri, avrebbe dovuto essere una domenica tranquilla e nel pieno del relax. Invece si \u00e8 trasformata in un incubo per la sua famiglia. Probabilmente voleva rendersi utile e sistemare delle balle di fieno nonostante l&#8217;et\u00e0 avanzata. Avrebbe perso l&#8217;equilibrio ed \u00e8 scivolato finendo a terra. L&#8217;anziano pensionato \u00e8 stato soccorso proprio dai familiari.<\/p>\n<p style=\"text-align: justify;\">Appena trasferito a Mussomeli \u00e8 stato stilato un primo quadro clinico della situazione, apparsa subito disperata. Poi, considerati i forti traumi e le ferite, si \u00e8 deciso per il trasferimento in volo con l&#8217;ausilio di un elicottero del 118, quindi in una struttura sanitaria pi\u00f9 adeguata. Sul posto dove \u00e8 accaduto l&#8217;incidente, naturalmente, i militari dell&#8217;Arma della compagnia di Cammarata, avvisati dell&#8217;accaduto solamente una volta trasferito nel nisseno per i primi accertamenti, stanno cercando di ricostruire l&#8217;episodio.<\/p>\n<p style=\"text-align: justify;\">Fino a ieri sera le condizioni dell&#8217;anziano di Cammarata risultavano essere pressoch\u00e9 disperate. Aldil\u00e0 delle ferite comparse sul corpo, preoccupa maggiormente il trauma cranico che l&#8217;anziano ha riportato al momento dell&#8217;impatto. Nelle comunit\u00e0 di Cammarata e San Giovanni Gemini la notizia ha preoccupato e scioccato proprio tutti. I medici che lo stanno seguendo hanno confermato che le prossime ore possono risultare in tal senso determinanti.<\/p>\n","protected":false},"excerpt":{"rendered":"<p>CAMMARATA &#8211; Sarebbe precipitato dal suo fienile alto circa cinque metri schiantandosi fortemente sul suolo. E&#8217; quanto accaduto ieri, domenica 23 aprile, ad un pensionato ottantaduenne di Cammarata e residente a San Giovanni Gemini. Non \u00e8 ancora chiara la dinamica, che cosa stesse facendo e perch\u00e9 fosse arrampicato. L&#8217;impatto a terra \u00e8 stato gravissimo, tanto [&hellip;]<\/p>\n","protected":false},"author":419,"featured_media":0,"comment_status":"open","ping_status":"open","sticky":false,"template":"","format":"standard","meta":{"footnotes":""},"categories":[26,7,5,10],"tags":[11225,9536,1203,11226,9542],"class_list":["post-129290","post","type-post","status-publish","format-standard","hentry","category-secondo-piano","category-cammarata","category-cronaca","category-san-giovanni-gemini","tag-anziano","tag-cammarata","tag-elisoccorso","tag-fienile","tag-san-giovanni-gemini"],"yoast_head":"<!-- This site is optimized with the Yoast SEO plugin v28.4 - https:\/\/yoast.com\/product\/yoast-seo-wordpress\/ -->\n<title>Precipita dal suo fienile: anziano cammaratese trasportato a Palermo in elisoccorso. Disperate le sue condizioni - Magaze.it<\/title>\n<meta name=\"description\" content=\"CAMMARATA - Sarebbe precipitato dal suo fienile alto circa cinque metri schiantandosi fortemente sul suolo. E&#039; quanto accaduto ieri, domenica 23 aprile,\" \/>\n<meta name=\"robots\" content=\"index, follow, max-snippet:-1, max-image-preview:large, max-video-preview:-1\" \/>\n<link rel=\"canonical\" href=\"https:\/\/www.magaze.it\/wps\/2017\/04\/24\/precipita-dal-suo-fienile-anziano-cammaratese-trasportato-palermo-elisoccorso-disperate-le-sue-condizioni\/\" \/>\n<meta property=\"og:locale\" content=\"it_IT\" \/>\n<meta property=\"og:type\" content=\"article\" \/>\n<meta property=\"og:title\" content=\"Precipita dal suo fienile: anziano cammaratese trasportato a Palermo in elisoccorso. Disperate le sue condizioni - Magaze.it\" \/>\n<meta property=\"og:description\" content=\"CAMMARATA - Sarebbe precipitato dal suo fienile alto circa cinque metri schiantandosi fortemente sul suolo. E&#039; quanto accaduto ieri, domenica 23 aprile,\" \/>\n<meta property=\"og:url\" content=\"https:\/\/www.magaze.it\/wps\/2017\/04\/24\/precipita-dal-suo-fienile-anziano-cammaratese-trasportato-palermo-elisoccorso-disperate-le-sue-condizioni\/\" \/>\n<meta property=\"og:site_name\" content=\"Magaze.it\" \/>\n<meta property=\"article:publisher\" content=\"https:\/\/www.facebook.com\/magaze.it\/\" \/>\n<meta property=\"article:published_time\" content=\"2017-04-24T12:32:17+00:00\" \/>\n<meta property=\"og:image\" content=\"https:\/\/www.magaze.it\/wps\/wp-content\/uploads\/2017\/04\/fienile.jpg\" \/>\n\t<meta property=\"og:image:width\" content=\"800\" \/>\n\t<meta property=\"og:image:height\" content=\"600\" \/>\n\t<meta property=\"og:image:type\" content=\"image\/jpeg\" \/>\n<meta name=\"author\" content=\"Comunicati\" \/>\n<meta name=\"twitter:card\" content=\"summary_large_image\" \/>\n<meta name=\"twitter:creator\" content=\"@magazeit\" \/>\n<meta name=\"twitter:site\" content=\"@magazeit\" \/>\n<meta name=\"twitter:label1\" content=\"Scritto da\" \/>\n\t<meta name=\"twitter:data1\" content=\"Comunicati\" \/>\n\t<meta name=\"twitter:label2\" content=\"Tempo di lettura stimato\" \/>\n\t<meta name=\"twitter:data2\" content=\"1 minuto\" \/>\n<script type=\"application\/ld+json\" class=\"yoast-schema-graph\">{\"@context\":\"https:\\\/\\\/schema.org\",\"@graph\":[{\"@type\":\"Article\",\"@id\":\"https:\\\/\\\/www.magaze.it\\\/wps\\\/2017\\\/04\\\/24\\\/precipita-dal-suo-fienile-anziano-cammaratese-trasportato-palermo-elisoccorso-disperate-le-sue-condizioni\\\/#article\",\"isPartOf\":{\"@id\":\"https:\\\/\\\/www.magaze.it\\\/wps\\\/2017\\\/04\\\/24\\\/precipita-dal-suo-fienile-anziano-cammaratese-trasportato-palermo-elisoccorso-disperate-le-sue-condizioni\\\/\"},\"author\":{\"name\":\"Comunicati\",\"@id\":\"https:\\\/\\\/www.magaze.it\\\/wps\\\/#\\\/schema\\\/person\\\/e655dc7d75843381c941b2db25a02b12\"},\"headline\":\"Precipita dal suo fienile: anziano cammaratese trasportato a Palermo in elisoccorso. Disperate le sue condizioni\",\"datePublished\":\"2017-04-24T12:32:17+00:00\",\"mainEntityOfPage\":{\"@id\":\"https:\\\/\\\/www.magaze.it\\\/wps\\\/2017\\\/04\\\/24\\\/precipita-dal-suo-fienile-anziano-cammaratese-trasportato-palermo-elisoccorso-disperate-le-sue-condizioni\\\/\"},\"wordCount\":323,\"commentCount\":0,\"publisher\":{\"@id\":\"https:\\\/\\\/www.magaze.it\\\/wps\\\/#organization\"},\"keywords\":[\"Anziano\",\"Cammarata\",\"elisoccorso\",\"Fienile\",\"San Giovanni Gemini\"],\"articleSection\":[\"&gt;&gt; Secondo Piano\",\"Cammarata\",\"Cronaca\",\"San Giovanni Gemini\"],\"inLanguage\":\"it-IT\",\"potentialAction\":[{\"@type\":\"CommentAction\",\"name\":\"Comment\",\"target\":[\"https:\\\/\\\/www.magaze.it\\\/wps\\\/2017\\\/04\\\/24\\\/precipita-dal-suo-fienile-anziano-cammaratese-trasportato-palermo-elisoccorso-disperate-le-sue-condizioni\\\/#respond\"]}]},{\"@type\":\"WebPage\",\"@id\":\"https:\\\/\\\/www.magaze.it\\\/wps\\\/2017\\\/04\\\/24\\\/precipita-dal-suo-fienile-anziano-cammaratese-trasportato-palermo-elisoccorso-disperate-le-sue-condizioni\\\/\",\"url\":\"https:\\\/\\\/www.magaze.it\\\/wps\\\/2017\\\/04\\\/24\\\/precipita-dal-suo-fienile-anziano-cammaratese-trasportato-palermo-elisoccorso-disperate-le-sue-condizioni\\\/\",\"name\":\"Precipita dal suo fienile: anziano cammaratese trasportato a Palermo in elisoccorso. Disperate le sue condizioni - Magaze.it\",\"isPartOf\":{\"@id\":\"https:\\\/\\\/www.magaze.it\\\/wps\\\/#website\"},\"datePublished\":\"2017-04-24T12:32:17+00:00\",\"description\":\"CAMMARATA - Sarebbe precipitato dal suo fienile alto circa cinque metri schiantandosi fortemente sul suolo. E' quanto accaduto ieri, domenica 23 aprile,\",\"breadcrumb\":{\"@id\":\"https:\\\/\\\/www.magaze.it\\\/wps\\\/2017\\\/04\\\/24\\\/precipita-dal-suo-fienile-anziano-cammaratese-trasportato-palermo-elisoccorso-disperate-le-sue-condizioni\\\/#breadcrumb\"},\"inLanguage\":\"it-IT\",\"potentialAction\":[{\"@type\":\"ReadAction\",\"target\":[\"https:\\\/\\\/www.magaze.it\\\/wps\\\/2017\\\/04\\\/24\\\/precipita-dal-suo-fienile-anziano-cammaratese-trasportato-palermo-elisoccorso-disperate-le-sue-condizioni\\\/\"]}]},{\"@type\":\"BreadcrumbList\",\"@id\":\"https:\\\/\\\/www.magaze.it\\\/wps\\\/2017\\\/04\\\/24\\\/precipita-dal-suo-fienile-anziano-cammaratese-trasportato-palermo-elisoccorso-disperate-le-sue-condizioni\\\/#breadcrumb\",\"itemListElement\":[{\"@type\":\"ListItem\",\"position\":1,\"name\":\"Home\",\"item\":\"https:\\\/\\\/www.magaze.it\\\/wps\\\/\"},{\"@type\":\"ListItem\",\"position\":2,\"name\":\"Precipita dal suo fienile: anziano cammaratese trasportato a Palermo in elisoccorso. Disperate le sue condizioni\"}]},{\"@type\":\"WebSite\",\"@id\":\"https:\\\/\\\/www.magaze.it\\\/wps\\\/#website\",\"url\":\"https:\\\/\\\/www.magaze.it\\\/wps\\\/\",\"name\":\"Magaze.it\",\"description\":\"L&#039;Informazione dei Sicani\",\"publisher\":{\"@id\":\"https:\\\/\\\/www.magaze.it\\\/wps\\\/#organization\"},\"potentialAction\":[{\"@type\":\"SearchAction\",\"target\":{\"@type\":\"EntryPoint\",\"urlTemplate\":\"https:\\\/\\\/www.magaze.it\\\/wps\\\/?s={search_term_string}\"},\"query-input\":{\"@type\":\"PropertyValueSpecification\",\"valueRequired\":true,\"valueName\":\"search_term_string\"}}],\"inLanguage\":\"it-IT\"},{\"@type\":\"Organization\",\"@id\":\"https:\\\/\\\/www.magaze.it\\\/wps\\\/#organization\",\"name\":\"Magaze\",\"url\":\"https:\\\/\\\/www.magaze.it\\\/wps\\\/\",\"logo\":{\"@type\":\"ImageObject\",\"inLanguage\":\"it-IT\",\"@id\":\"https:\\\/\\\/www.magaze.it\\\/wps\\\/#\\\/schema\\\/logo\\\/image\\\/\",\"url\":\"https:\\\/\\\/www.magaze.it\\\/wps\\\/wp-content\\\/uploads\\\/2019\\\/10\\\/logo-magaze.png\",\"contentUrl\":\"https:\\\/\\\/www.magaze.it\\\/wps\\\/wp-content\\\/uploads\\\/2019\\\/10\\\/logo-magaze.png\",\"width\":1500,\"height\":1500,\"caption\":\"Magaze\"},\"image\":{\"@id\":\"https:\\\/\\\/www.magaze.it\\\/wps\\\/#\\\/schema\\\/logo\\\/image\\\/\"},\"sameAs\":[\"https:\\\/\\\/www.facebook.com\\\/magaze.it\\\/\",\"https:\\\/\\\/x.com\\\/magazeit\",\"https:\\\/\\\/www.linkedin.com\\\/company\\\/magazeit\\\/\"]},{\"@type\":\"Person\",\"@id\":\"https:\\\/\\\/www.magaze.it\\\/wps\\\/#\\\/schema\\\/person\\\/e655dc7d75843381c941b2db25a02b12\",\"name\":\"Comunicati\",\"image\":{\"@type\":\"ImageObject\",\"inLanguage\":\"it-IT\",\"@id\":\"https:\\\/\\\/www.magaze.it\\\/wps\\\/wp-content\\\/uploads\\\/2015\\\/08\\\/mLogo_Effect_m_bianca-100x100.png\",\"url\":\"https:\\\/\\\/www.magaze.it\\\/wps\\\/wp-content\\\/uploads\\\/2015\\\/08\\\/mLogo_Effect_m_bianca-100x100.png\",\"contentUrl\":\"https:\\\/\\\/www.magaze.it\\\/wps\\\/wp-content\\\/uploads\\\/2015\\\/08\\\/mLogo_Effect_m_bianca-100x100.png\",\"caption\":\"Comunicati\"},\"url\":\"https:\\\/\\\/www.magaze.it\\\/wps\\\/author\\\/redazione\\\/\"}]}<\/script>\n<!-- \/ Yoast SEO plugin. -->","yoast_head_json":{"title":"Precipita dal suo fienile: anziano cammaratese trasportato a Palermo in elisoccorso. Disperate le sue condizioni - Magaze.it","description":"CAMMARATA - Sarebbe precipitato dal suo fienile alto circa cinque metri schiantandosi fortemente sul suolo. E' quanto accaduto ieri, domenica 23 aprile,","robots":{"index":"index","follow":"follow","max-snippet":"max-snippet:-1","max-image-preview":"max-image-preview:large","max-video-preview":"max-video-preview:-1"},"canonical":"https:\/\/www.magaze.it\/wps\/2017\/04\/24\/precipita-dal-suo-fienile-anziano-cammaratese-trasportato-palermo-elisoccorso-disperate-le-sue-condizioni\/","og_locale":"it_IT","og_type":"article","og_title":"Precipita dal suo fienile: anziano cammaratese trasportato a Palermo in elisoccorso. Disperate le sue condizioni - Magaze.it","og_description":"CAMMARATA - Sarebbe precipitato dal suo fienile alto circa cinque metri schiantandosi fortemente sul suolo. E' quanto accaduto ieri, domenica 23 aprile,","og_url":"https:\/\/www.magaze.it\/wps\/2017\/04\/24\/precipita-dal-suo-fienile-anziano-cammaratese-trasportato-palermo-elisoccorso-disperate-le-sue-condizioni\/","og_site_name":"Magaze.it","article_publisher":"https:\/\/www.facebook.com\/magaze.it\/","article_published_time":"2017-04-24T12:32:17+00:00","og_image":[{"width":800,"height":600,"url":"https:\/\/www.magaze.it\/wps\/wp-content\/uploads\/2017\/04\/fienile.jpg","type":"image\/jpeg"}],"author":"Comunicati","twitter_card":"summary_large_image","twitter_creator":"@magazeit","twitter_site":"@magazeit","twitter_misc":{"Scritto da":"Comunicati","Tempo di lettura stimato":"1 minuto"},"schema":{"@context":"https:\/\/schema.org","@graph":[{"@type":"Article","@id":"https:\/\/www.magaze.it\/wps\/2017\/04\/24\/precipita-dal-suo-fienile-anziano-cammaratese-trasportato-palermo-elisoccorso-disperate-le-sue-condizioni\/#article","isPartOf":{"@id":"https:\/\/www.magaze.it\/wps\/2017\/04\/24\/precipita-dal-suo-fienile-anziano-cammaratese-trasportato-palermo-elisoccorso-disperate-le-sue-condizioni\/"},"author":{"name":"Comunicati","@id":"https:\/\/www.magaze.it\/wps\/#\/schema\/person\/e655dc7d75843381c941b2db25a02b12"},"headline":"Precipita dal suo fienile: anziano cammaratese trasportato a Palermo in elisoccorso. Disperate le sue condizioni","datePublished":"2017-04-24T12:32:17+00:00","mainEntityOfPage":{"@id":"https:\/\/www.magaze.it\/wps\/2017\/04\/24\/precipita-dal-suo-fienile-anziano-cammaratese-trasportato-palermo-elisoccorso-disperate-le-sue-condizioni\/"},"wordCount":323,"commentCount":0,"publisher":{"@id":"https:\/\/www.magaze.it\/wps\/#organization"},"keywords":["Anziano","Cammarata","elisoccorso","Fienile","San Giovanni Gemini"],"articleSection":["&gt;&gt; Secondo Piano","Cammarata","Cronaca","San Giovanni Gemini"],"inLanguage":"it-IT","potentialAction":[{"@type":"CommentAction","name":"Comment","target":["https:\/\/www.magaze.it\/wps\/2017\/04\/24\/precipita-dal-suo-fienile-anziano-cammaratese-trasportato-palermo-elisoccorso-disperate-le-sue-condizioni\/#respond"]}]},{"@type":"WebPage","@id":"https:\/\/www.magaze.it\/wps\/2017\/04\/24\/precipita-dal-suo-fienile-anziano-cammaratese-trasportato-palermo-elisoccorso-disperate-le-sue-condizioni\/","url":"https:\/\/www.magaze.it\/wps\/2017\/04\/24\/precipita-dal-suo-fienile-anziano-cammaratese-trasportato-palermo-elisoccorso-disperate-le-sue-condizioni\/","name":"Precipita dal suo fienile: anziano cammaratese trasportato a Palermo in elisoccorso. Disperate le sue condizioni - Magaze.it","isPartOf":{"@id":"https:\/\/www.magaze.it\/wps\/#website"},"datePublished":"2017-04-24T12:32:17+00:00","description":"CAMMARATA - Sarebbe precipitato dal suo fienile alto circa cinque metri schiantandosi fortemente sul suolo. E' quanto accaduto ieri, domenica 23 aprile,","breadcrumb":{"@id":"https:\/\/www.magaze.it\/wps\/2017\/04\/24\/precipita-dal-suo-fienile-anziano-cammaratese-trasportato-palermo-elisoccorso-disperate-le-sue-condizioni\/#breadcrumb"},"inLanguage":"it-IT","potentialAction":[{"@type":"ReadAction","target":["https:\/\/www.magaze.it\/wps\/2017\/04\/24\/precipita-dal-suo-fienile-anziano-cammaratese-trasportato-palermo-elisoccorso-disperate-le-sue-condizioni\/"]}]},{"@type":"BreadcrumbList","@id":"https:\/\/www.magaze.it\/wps\/2017\/04\/24\/precipita-dal-suo-fienile-anziano-cammaratese-trasportato-palermo-elisoccorso-disperate-le-sue-condizioni\/#breadcrumb","itemListElement":[{"@type":"ListItem","position":1,"name":"Home","item":"https:\/\/www.magaze.it\/wps\/"},{"@type":"ListItem","position":2,"name":"Precipita dal suo fienile: anziano cammaratese trasportato a Palermo in elisoccorso. Disperate le sue condizioni"}]},{"@type":"WebSite","@id":"https:\/\/www.magaze.it\/wps\/#website","url":"https:\/\/www.magaze.it\/wps\/","name":"Magaze.it","description":"L&#039;Informazione dei Sicani","publisher":{"@id":"https:\/\/www.magaze.it\/wps\/#organization"},"potentialAction":[{"@type":"SearchAction","target":{"@type":"EntryPoint","urlTemplate":"https:\/\/www.magaze.it\/wps\/?s={search_term_string}"},"query-input":{"@type":"PropertyValueSpecification","valueRequired":true,"valueName":"search_term_string"}}],"inLanguage":"it-IT"},{"@type":"Organization","@id":"https:\/\/www.magaze.it\/wps\/#organization","name":"Magaze","url":"https:\/\/www.magaze.it\/wps\/","logo":{"@type":"ImageObject","inLanguage":"it-IT","@id":"https:\/\/www.magaze.it\/wps\/#\/schema\/logo\/image\/","url":"https:\/\/www.magaze.it\/wps\/wp-content\/uploads\/2019\/10\/logo-magaze.png","contentUrl":"https:\/\/www.magaze.it\/wps\/wp-content\/uploads\/2019\/10\/logo-magaze.png","width":1500,"height":1500,"caption":"Magaze"},"image":{"@id":"https:\/\/www.magaze.it\/wps\/#\/schema\/logo\/image\/"},"sameAs":["https:\/\/www.facebook.com\/magaze.it\/","https:\/\/x.com\/magazeit","https:\/\/www.linkedin.com\/company\/magazeit\/"]},{"@type":"Person","@id":"https:\/\/www.magaze.it\/wps\/#\/schema\/person\/e655dc7d75843381c941b2db25a02b12","name":"Comunicati","image":{"@type":"ImageObject","inLanguage":"it-IT","@id":"https:\/\/www.magaze.it\/wps\/wp-content\/uploads\/2015\/08\/mLogo_Effect_m_bianca-100x100.png","url":"https:\/\/www.magaze.it\/wps\/wp-content\/uploads\/2015\/08\/mLogo_Effect_m_bianca-100x100.png","contentUrl":"https:\/\/www.magaze.it\/wps\/wp-content\/uploads\/2015\/08\/mLogo_Effect_m_bianca-100x100.png","caption":"Comunicati"},"url":"https:\/\/www.magaze.it\/wps\/author\/redazione\/"}]}},"amp_enabled":true,"_links":{"self":[{"href":"https:\/\/www.magaze.it\/wps\/wp-json\/wp\/v2\/posts\/129290","targetHints":{"allow":["GET"]}}],"collection":[{"href":"https:\/\/www.magaze.it\/wps\/wp-json\/wp\/v2\/posts"}],"about":[{"href":"https:\/\/www.magaze.it\/wps\/wp-json\/wp\/v2\/types\/post"}],"author":[{"embeddable":true,"href":"https:\/\/www.magaze.it\/wps\/wp-json\/wp\/v2\/users\/419"}],"replies":[{"embeddable":true,"href":"https:\/\/www.magaze.it\/wps\/wp-json\/wp\/v2\/comments?post=129290"}],"version-history":[{"count":0,"href":"https:\/\/www.magaze.it\/wps\/wp-json\/wp\/v2\/posts\/129290\/revisions"}],"wp:attachment":[{"href":"https:\/\/www.magaze.it\/wps\/wp-json\/wp\/v2\/media?parent=129290"}],"wp:term":[{"taxonomy":"category","embeddable":true,"href":"https:\/\/www.magaze.it\/wps\/wp-json\/wp\/v2\/categories?post=129290"},{"taxonomy":"post_tag","embeddable":true,"href":"https:\/\/www.magaze.it\/wps\/wp-json\/wp\/v2\/tags?post=129290"}],"curies":[{"name":"wp","href":"https:\/\/api.w.org\/{rel}","templated":true}]}}