{"id":107463,"date":"2015-08-30T13:38:18","date_gmt":"2015-08-30T11:38:18","guid":{"rendered":"http:\/\/www.magaze.it\/wps\/?p=107463"},"modified":"2015-08-30T16:48:34","modified_gmt":"2015-08-30T14:48:34","slug":"chiude-lunico-punto-nascita-dei-monti-sicani-cittadini-e-amministratori-in-protesta","status":"publish","type":"post","link":"https:\/\/www.magaze.it\/wps\/2015\/08\/30\/chiude-lunico-punto-nascita-dei-monti-sicani-cittadini-e-amministratori-in-protesta\/","title":{"rendered":"Chiude l\u2019unico punto nascita dei Monti Sicani: cittadini e amministratori in protesta"},"content":{"rendered":"<p style=\"text-align: justify;\">SANTO STEFANO QUISQUINA &#8211;\u00a0La chiusura del <strong>punto nascita<\/strong>\u00a0della\u00a0<strong>clinica Attardi<\/strong> di <strong>Santo Stefano Quisquina<\/strong> si fa sempre pi\u00f9 vicina, la data prevista \u00e8 il <strong>1\u00b0 ottobre<\/strong>, ma i cittadini dei <strong>Monti Sicani<\/strong> non ci stanno e neanche i loro amministratori. Stamattina \u00e8 infatti andata in scena un\u2019assemblea congiunta tra questi cittadini e tutti i sindaci e i consigli comunali del territorio sicano. Una manifestazione convocata dai presidenti dei consigli comunali di <strong>Alessandria della Rocca<\/strong>, <strong>Bivona<\/strong>, <strong>Cianciana<\/strong>, <strong>San Biagio Platani<\/strong> e <strong>Santo Stefano Quisquina<\/strong>, alla quale hanno preso parte anche i consigli comunali di <strong>Cammarata<\/strong>, <strong>San Giovanni Gemini<\/strong>, <strong>Castronovo<\/strong> <strong>di Sicilia<\/strong>, <strong>Lercara Friddi<\/strong> e <strong>Prizzi<\/strong>, per ribadire ancora una volta l\u2019importanza della presenza dell\u2019unico punto nascita dei Monti Sicani. A condurre i lavori il Presidente del Consiglio di Santo Stefano, Enzo Greco Luchina. \u00c8 una battaglia di civilt\u00e0, dunque, una lotta per il diritto insopprimibile alla salute di mamme e nascituri. Presenti alla manifestazione anche gli On. <strong>Tonino Moscatt<\/strong> e <strong>Vincenzo Fontana<\/strong>, quest\u2019ultimo vicepresidente della commissione ai servizi sanitari e sociali della Regione Sicilia.<\/p>\n<p style=\"text-align: justify;\">\u201cI sindaci dei cinque comuni di Alessandria della Rocca, Bivona, Cianciana, San Biagio Platani e Santo Stefano Quisquina hanno ricevuto, dopo il 16 agosto, una lettera da parte della direzione della clinica, datata 13 agosto, che sostanzialmente comunicava la mancanza di condizioni per tenere aperto il punto nascita \u2013 spiega l\u2019On. <strong>Giovanni Panepinto<\/strong>, Sindaco di Bivona. \u201cDal primo ottobre non si potr\u00e0 pi\u00f9 partorire in questo ospedale. Le motivazioni della chiusura riguardano la scelta della Ministra alla Salute <strong>Beatrice Lorenzin<\/strong> di chiedere per tutti i punti nascita italiani attrezzature e personale adeguato per la sicurezza della partoriente e del neonato\u201d. Dopo i casi di mala sanit\u00e0 che hanno visto coinvolti da vicino anche dei neonati \u2013 il caso pi\u00f9 emblematico quello della piccola Nicole \u2013 si vuole intervenire con maggior forza sul delicato tema, proprio per questo verranno chiusi tutti i punti nascita italiani nei quali non avvengono almeno 500 parti l\u2019anno.<\/p>\n<p style=\"text-align: justify;\">\u201cGioved\u00ec scorso \u2013 continua Panepinto &#8211; abbiamo incontrato l&#8217;Assessore Regionale alla Salute l\u2019On. <strong>Gucciardi<\/strong> che ha visionato la documentazione prodotta sulla <strong>situazione viaria<\/strong> del territorio dando disponibilit\u00e0 a chiedere una proroga e una deroga per il punto nascita della clinica Attardi alla Ministra Lorenzin. Io credo che ci siano le condizioni per avere la deroga a mantenere il punto nascita che \u00e8 sotto i 500 parti\u201d. Sono infatti circa 150 i parti che avvengono annualmente nell\u2019unica clinica dei sicani, un territorio molto vasto nel quale ricadono pi\u00f9 di dieci comuni. \u201cAbbiamo spiegato al neo Assessore alla Salute \u2013 continua ancora Panepinto &#8211; che la chiusura del punto nascita crea pericolo per i parti non programmati e non programmabili soprattutto nei giorni in cui le strade diventano intransitabili a causa delle avversit\u00e0 atmosferiche &#8211; neve, piogge abbondanti con conseguenti frane \u2013 rendendo impossibile raggiungere le citt\u00e0 con i grandi ospedali, Sciacca, Agrigento e Palermo\u201d. Lo scorso inverno infatti tutti i cittadini dei Monti Sicani sono rimasti isolati per pi\u00f9 di una settimana e la presenza della clinica \u00e8 stata fondamentale. Ma anche quando le condizioni metereologiche non sono avverse si riscontrano particolari difficolt\u00e0 a raggiungere i grandi centri, molto distanti dall\u2019entroterra.<\/p>\n<p style=\"text-align: justify;\">\u201cQuella di questa mattina \u00e8 una lotta per garantire alle donne una certezza e alle famiglie meno agiate la possibilit\u00e0 di affrontare il parto senza che diventi una spesa pesante \u2013 conclude Panepinto. Saremo impegnati nei giorni a seguire per convincere tutte le parti interessate ad impegnarsi contro la chiusura\u201d. \u00c8 stata gi\u00e0 convocata una riunione con l\u2019<strong>ASP di Agrigento<\/strong>, mentre l\u2019Assessore Regionale alla Salute si \u00e8 reso disponibile a sollecitare la Ministra per attuare una proroga e rendere possibile alla clinica il mantenimento del punto nascita.<\/p>\n<p style=\"text-align: justify;\">Nel corso dell\u2019assemblea l\u2019On. <strong>Fontana<\/strong> \u00e8 riuscito a contattare telefonicamente la Ministra Lonzin che si \u00e8 messa a disposizione per incontrare tutti i sindaci dei sicani ed affrontare assieme il problema.<\/p>\n<p style=\"text-align: right;\"><strong>Epifania Lo Presti, Francesco Lo Presti, Martina Chillura<\/strong><\/p>\n<div id='gallery-1' class='gallery galleryid-107463 gallery-columns-3 gallery-size-thumbnail'><figure class='gallery-item'>\n\t\t\t<div class='gallery-icon landscape'>\n\t\t\t\t<a href='https:\/\/www.magaze.it\/wps\/2015\/08\/30\/chiude-lunico-punto-nascita-dei-monti-sicani-cittadini-e-amministratori-in-protesta\/11909611_10207627794283369_1225310090_n\/'><img loading=\"lazy\" decoding=\"async\" width=\"100\" height=\"100\" src=\"https:\/\/www.magaze.it\/wps\/wp-content\/uploads\/2015\/08\/11909611_10207627794283369_1225310090_n-100x100.jpg\" class=\"attachment-thumbnail size-thumbnail\" alt=\"\" \/><\/a>\n\t\t\t<\/div><\/figure><figure class='gallery-item'>\n\t\t\t<div class='gallery-icon landscape'>\n\t\t\t\t<a href='https:\/\/www.magaze.it\/wps\/2015\/08\/30\/chiude-lunico-punto-nascita-dei-monti-sicani-cittadini-e-amministratori-in-protesta\/11911010_10207627793603352_339232981_nwww\/'><img loading=\"lazy\" decoding=\"async\" width=\"100\" height=\"100\" src=\"https:\/\/www.magaze.it\/wps\/wp-content\/uploads\/2015\/08\/11911010_10207627793603352_339232981_nwww-100x100.jpg\" class=\"attachment-thumbnail size-thumbnail\" alt=\"\" \/><\/a>\n\t\t\t<\/div><\/figure><figure class='gallery-item'>\n\t\t\t<div class='gallery-icon landscape'>\n\t\t\t\t<a href='https:\/\/www.magaze.it\/wps\/2015\/08\/30\/chiude-lunico-punto-nascita-dei-monti-sicani-cittadini-e-amministratori-in-protesta\/11937968_10207627853604852_1025785115_n\/'><img loading=\"lazy\" decoding=\"async\" width=\"100\" height=\"100\" src=\"https:\/\/www.magaze.it\/wps\/wp-content\/uploads\/2015\/08\/11937968_10207627853604852_1025785115_n-100x100.jpg\" class=\"attachment-thumbnail size-thumbnail\" alt=\"\" \/><\/a>\n\t\t\t<\/div><\/figure><figure class='gallery-item'>\n\t\t\t<div class='gallery-icon landscape'>\n\t\t\t\t<a href='https:\/\/www.magaze.it\/wps\/2015\/08\/30\/chiude-lunico-punto-nascita-dei-monti-sicani-cittadini-e-amministratori-in-protesta\/11938183_10207627794083364_414935441_n\/'><img loading=\"lazy\" decoding=\"async\" width=\"100\" height=\"100\" src=\"https:\/\/www.magaze.it\/wps\/wp-content\/uploads\/2015\/08\/11938183_10207627794083364_414935441_n-100x100.jpg\" class=\"attachment-thumbnail size-thumbnail\" alt=\"\" \/><\/a>\n\t\t\t<\/div><\/figure><figure class='gallery-item'>\n\t\t\t<div class='gallery-icon landscape'>\n\t\t\t\t<a href='https:\/\/www.magaze.it\/wps\/2015\/08\/30\/chiude-lunico-punto-nascita-dei-monti-sicani-cittadini-e-amministratori-in-protesta\/11938959_10207627804323620_1173797577_n\/'><img loading=\"lazy\" decoding=\"async\" width=\"100\" height=\"100\" src=\"https:\/\/www.magaze.it\/wps\/wp-content\/uploads\/2015\/08\/11938959_10207627804323620_1173797577_n-100x100.jpg\" class=\"attachment-thumbnail size-thumbnail\" alt=\"\" \/><\/a>\n\t\t\t<\/div><\/figure><figure class='gallery-item'>\n\t\t\t<div class='gallery-icon landscape'>\n\t\t\t\t<a href='https:\/\/www.magaze.it\/wps\/2015\/08\/30\/chiude-lunico-punto-nascita-dei-monti-sicani-cittadini-e-amministratori-in-protesta\/11944708_10207627793243343_694811295_n\/'><img loading=\"lazy\" decoding=\"async\" width=\"100\" height=\"100\" src=\"https:\/\/www.magaze.it\/wps\/wp-content\/uploads\/2015\/08\/11944708_10207627793243343_694811295_n-100x100.jpg\" class=\"attachment-thumbnail size-thumbnail\" alt=\"\" \/><\/a>\n\t\t\t<\/div><\/figure><figure class='gallery-item'>\n\t\t\t<div class='gallery-icon landscape'>\n\t\t\t\t<a href='https:\/\/www.magaze.it\/wps\/2015\/08\/30\/chiude-lunico-punto-nascita-dei-monti-sicani-cittadini-e-amministratori-in-protesta\/11911808_10207627951207292_1834742503_n\/'><img loading=\"lazy\" decoding=\"async\" width=\"100\" height=\"100\" src=\"https:\/\/www.magaze.it\/wps\/wp-content\/uploads\/2015\/08\/11911808_10207627951207292_1834742503_n-100x100.jpg\" class=\"attachment-thumbnail size-thumbnail\" alt=\"\" \/><\/a>\n\t\t\t<\/div><\/figure><figure class='gallery-item'>\n\t\t\t<div class='gallery-icon landscape'>\n\t\t\t\t<a href='https:\/\/www.magaze.it\/wps\/2015\/08\/30\/chiude-lunico-punto-nascita-dei-monti-sicani-cittadini-e-amministratori-in-protesta\/11912886_10207627932766831_863649435_n\/'><img loading=\"lazy\" decoding=\"async\" width=\"100\" height=\"100\" src=\"https:\/\/www.magaze.it\/wps\/wp-content\/uploads\/2015\/08\/11912886_10207627932766831_863649435_n-100x100.jpg\" class=\"attachment-thumbnail size-thumbnail\" alt=\"\" \/><\/a>\n\t\t\t<\/div><\/figure><figure class='gallery-item'>\n\t\t\t<div class='gallery-icon portrait'>\n\t\t\t\t<a href='https:\/\/www.magaze.it\/wps\/2015\/08\/30\/chiude-lunico-punto-nascita-dei-monti-sicani-cittadini-e-amministratori-in-protesta\/11931754_10207627950847283_1398149037_n\/'><img loading=\"lazy\" decoding=\"async\" width=\"100\" height=\"100\" src=\"https:\/\/www.magaze.it\/wps\/wp-content\/uploads\/2015\/08\/11931754_10207627950847283_1398149037_n-100x100.jpg\" class=\"attachment-thumbnail size-thumbnail\" alt=\"\" \/><\/a>\n\t\t\t<\/div><\/figure><figure class='gallery-item'>\n\t\t\t<div class='gallery-icon landscape'>\n\t\t\t\t<a href='https:\/\/www.magaze.it\/wps\/2015\/08\/30\/chiude-lunico-punto-nascita-dei-monti-sicani-cittadini-e-amministratori-in-protesta\/11944939_10207627929166741_2010463089_n-1\/'><img loading=\"lazy\" decoding=\"async\" width=\"100\" height=\"100\" src=\"https:\/\/www.magaze.it\/wps\/wp-content\/uploads\/2015\/08\/11944939_10207627929166741_2010463089_n-1-100x100.jpg\" class=\"attachment-thumbnail size-thumbnail\" alt=\"\" \/><\/a>\n\t\t\t<\/div><\/figure>\n\t\t<\/div>\n\n","protected":false},"excerpt":{"rendered":"<p>SANTO STEFANO QUISQUINA &#8211;\u00a0La chiusura del punto nascita\u00a0della\u00a0clinica Attardi di Santo Stefano Quisquina si fa sempre pi\u00f9 vicina, la data prevista \u00e8 il 1\u00b0 ottobre, ma i cittadini dei Monti Sicani non ci stanno e neanche i loro amministratori. Stamattina \u00e8 infatti andata in scena un\u2019assemblea congiunta tra questi cittadini e tutti i sindaci e [&hellip;]<\/p>\n","protected":false},"author":724,"featured_media":107529,"comment_status":"open","ping_status":"open","sticky":false,"template":"","format":"video","meta":{"footnotes":""},"categories":[26,3,17,16,7,12,18,4,29,121,10,15,28],"tags":[9552,9695,9550,9536,9545,9694,9554,9526,982,9698,9532,9531,9562,9696,9542,258,5042,9697],"class_list":["post-107463","post","type-post","status-publish","format-video","has-post-thumbnail","hentry","category-secondo-piano","category-monti-sicani","category-alessandria-della-rocca","category-bivona","category-cammarata","category-castronovo-di-sicilia","category-cianciana","category-lercara-friddi","category-prizzi","category-san-biagio-platani","category-san-giovanni-gemini","category-santo-stefano-quisquina","category-sicilia","tag-alessandria-della-rocca","tag-beatrice-lorenzin","tag-bivona","tag-cammarata","tag-castronovo-di-sicilia","tag-chiusura-punto-nascita","tag-cianciana","tag-clinica-attardi","tag-giovanni-panepinto","tag-gucciardi","tag-lercara-friddi","tag-monti-sicani","tag-prizzi","tag-san-biagio-platani-e-santo-stefano-quisquina","tag-san-giovanni-gemini","tag-sanita","tag-tonino-moscatt","tag-vincenzo-fontana","post_format-post-format-video"],"yoast_head":"<!-- This site is optimized with the Yoast SEO plugin v28.4 - https:\/\/yoast.com\/product\/yoast-seo-wordpress\/ -->\n<title>Chiude l\u2019unico punto nascita dei Monti Sicani: cittadini e amministratori in protesta - Magaze.it<\/title>\n<meta name=\"description\" content=\"SANTO STEFANO QUISQUINA -\u00a0La chiusura del punto nascita\u00a0della\u00a0clinica Attardi di Santo Stefano Quisquina si fa sempre pi\u00f9 vicina, la data prevista \u00e8 il 1\u00b0\" \/>\n<meta name=\"robots\" content=\"index, follow, max-snippet:-1, max-image-preview:large, max-video-preview:-1\" \/>\n<link rel=\"canonical\" href=\"https:\/\/www.magaze.it\/wps\/2015\/08\/30\/chiude-lunico-punto-nascita-dei-monti-sicani-cittadini-e-amministratori-in-protesta\/\" \/>\n<meta property=\"og:locale\" content=\"it_IT\" \/>\n<meta property=\"og:type\" content=\"article\" \/>\n<meta property=\"og:title\" content=\"Chiude l\u2019unico punto nascita dei Monti Sicani: cittadini e amministratori in protesta - Magaze.it\" \/>\n<meta property=\"og:description\" content=\"SANTO STEFANO QUISQUINA -\u00a0La chiusura del punto nascita\u00a0della\u00a0clinica Attardi di Santo Stefano Quisquina si fa sempre pi\u00f9 vicina, la data prevista \u00e8 il 1\u00b0\" \/>\n<meta property=\"og:url\" content=\"https:\/\/www.magaze.it\/wps\/2015\/08\/30\/chiude-lunico-punto-nascita-dei-monti-sicani-cittadini-e-amministratori-in-protesta\/\" \/>\n<meta property=\"og:site_name\" content=\"Magaze.it\" \/>\n<meta property=\"article:publisher\" content=\"https:\/\/www.facebook.com\/magaze.it\/\" \/>\n<meta property=\"article:published_time\" content=\"2015-08-30T11:38:18+00:00\" \/>\n<meta property=\"article:modified_time\" content=\"2015-08-30T14:48:34+00:00\" \/>\n<meta property=\"og:image\" content=\"https:\/\/www.magaze.it\/wps\/wp-content\/uploads\/2015\/08\/maxresdefault15.jpg\" \/>\n\t<meta property=\"og:image:width\" content=\"1280\" \/>\n\t<meta property=\"og:image:height\" content=\"720\" \/>\n\t<meta property=\"og:image:type\" content=\"image\/jpeg\" \/>\n<meta name=\"author\" content=\"Epifania Lo Presti\" \/>\n<meta name=\"twitter:card\" content=\"summary_large_image\" \/>\n<meta name=\"twitter:creator\" content=\"@magazeit\" \/>\n<meta name=\"twitter:site\" content=\"@magazeit\" \/>\n<meta name=\"twitter:label1\" content=\"Scritto da\" \/>\n\t<meta name=\"twitter:data1\" content=\"Epifania Lo Presti\" \/>\n\t<meta name=\"twitter:label2\" content=\"Tempo di lettura stimato\" \/>\n\t<meta name=\"twitter:data2\" content=\"3 minuti\" \/>\n<script type=\"application\/ld+json\" class=\"yoast-schema-graph\">{\"@context\":\"https:\\\/\\\/schema.org\",\"@graph\":[{\"@type\":\"Article\",\"@id\":\"https:\\\/\\\/www.magaze.it\\\/wps\\\/2015\\\/08\\\/30\\\/chiude-lunico-punto-nascita-dei-monti-sicani-cittadini-e-amministratori-in-protesta\\\/#article\",\"isPartOf\":{\"@id\":\"https:\\\/\\\/www.magaze.it\\\/wps\\\/2015\\\/08\\\/30\\\/chiude-lunico-punto-nascita-dei-monti-sicani-cittadini-e-amministratori-in-protesta\\\/\"},\"author\":{\"name\":\"Epifania Lo Presti\",\"@id\":\"https:\\\/\\\/www.magaze.it\\\/wps\\\/#\\\/schema\\\/person\\\/30d02fa9bf393f8acbcec02ad886b0f6\"},\"headline\":\"Chiude l\u2019unico punto nascita dei Monti Sicani: cittadini e amministratori in protesta\",\"datePublished\":\"2015-08-30T11:38:18+00:00\",\"dateModified\":\"2015-08-30T14:48:34+00:00\",\"mainEntityOfPage\":{\"@id\":\"https:\\\/\\\/www.magaze.it\\\/wps\\\/2015\\\/08\\\/30\\\/chiude-lunico-punto-nascita-dei-monti-sicani-cittadini-e-amministratori-in-protesta\\\/\"},\"wordCount\":661,\"commentCount\":1,\"publisher\":{\"@id\":\"https:\\\/\\\/www.magaze.it\\\/wps\\\/#organization\"},\"image\":{\"@id\":\"https:\\\/\\\/www.magaze.it\\\/wps\\\/2015\\\/08\\\/30\\\/chiude-lunico-punto-nascita-dei-monti-sicani-cittadini-e-amministratori-in-protesta\\\/#primaryimage\"},\"thumbnailUrl\":\"https:\\\/\\\/www.magaze.it\\\/wps\\\/wp-content\\\/uploads\\\/2015\\\/08\\\/maxresdefault15.jpg\",\"keywords\":[\"Alessandria della Rocca\",\"Beatrice Lorenzin\",\"Bivona\",\"Cammarata\",\"Castronovo di Sicilia\",\"chiusura punto nascita\",\"Cianciana\",\"Clinica Attardi\",\"giovanni panepinto\",\"Gucciardi\",\"Lercara Friddi\",\"Monti Sicani\",\"Prizzi\",\"San Biagio Platani e Santo Stefano Quisquina\",\"San Giovanni Gemini\",\"sanit\u00e0\",\"Tonino Moscatt\",\"Vincenzo Fontana\"],\"articleSection\":[\"&gt;&gt; Secondo Piano\",\"- Monti Sicani\",\"Alessandria della Rocca\",\"Bivona\",\"Cammarata\",\"Castronovo di Sicilia\",\"Cianciana\",\"Lercara Friddi\",\"Prizzi\",\"San Biagio Platani\",\"San Giovanni Gemini\",\"Santo Stefano Quisquina\",\"Sicilia\"],\"inLanguage\":\"it-IT\",\"potentialAction\":[{\"@type\":\"CommentAction\",\"name\":\"Comment\",\"target\":[\"https:\\\/\\\/www.magaze.it\\\/wps\\\/2015\\\/08\\\/30\\\/chiude-lunico-punto-nascita-dei-monti-sicani-cittadini-e-amministratori-in-protesta\\\/#respond\"]}]},{\"@type\":\"WebPage\",\"@id\":\"https:\\\/\\\/www.magaze.it\\\/wps\\\/2015\\\/08\\\/30\\\/chiude-lunico-punto-nascita-dei-monti-sicani-cittadini-e-amministratori-in-protesta\\\/\",\"url\":\"https:\\\/\\\/www.magaze.it\\\/wps\\\/2015\\\/08\\\/30\\\/chiude-lunico-punto-nascita-dei-monti-sicani-cittadini-e-amministratori-in-protesta\\\/\",\"name\":\"Chiude l\u2019unico punto nascita dei Monti Sicani: cittadini e amministratori in protesta - Magaze.it\",\"isPartOf\":{\"@id\":\"https:\\\/\\\/www.magaze.it\\\/wps\\\/#website\"},\"primaryImageOfPage\":{\"@id\":\"https:\\\/\\\/www.magaze.it\\\/wps\\\/2015\\\/08\\\/30\\\/chiude-lunico-punto-nascita-dei-monti-sicani-cittadini-e-amministratori-in-protesta\\\/#primaryimage\"},\"image\":{\"@id\":\"https:\\\/\\\/www.magaze.it\\\/wps\\\/2015\\\/08\\\/30\\\/chiude-lunico-punto-nascita-dei-monti-sicani-cittadini-e-amministratori-in-protesta\\\/#primaryimage\"},\"thumbnailUrl\":\"https:\\\/\\\/www.magaze.it\\\/wps\\\/wp-content\\\/uploads\\\/2015\\\/08\\\/maxresdefault15.jpg\",\"datePublished\":\"2015-08-30T11:38:18+00:00\",\"dateModified\":\"2015-08-30T14:48:34+00:00\",\"description\":\"SANTO STEFANO QUISQUINA -\u00a0La chiusura del punto nascita\u00a0della\u00a0clinica Attardi di Santo Stefano Quisquina si fa sempre pi\u00f9 vicina, la data prevista \u00e8 il 1\u00b0\",\"breadcrumb\":{\"@id\":\"https:\\\/\\\/www.magaze.it\\\/wps\\\/2015\\\/08\\\/30\\\/chiude-lunico-punto-nascita-dei-monti-sicani-cittadini-e-amministratori-in-protesta\\\/#breadcrumb\"},\"inLanguage\":\"it-IT\",\"potentialAction\":[{\"@type\":\"ReadAction\",\"target\":[\"https:\\\/\\\/www.magaze.it\\\/wps\\\/2015\\\/08\\\/30\\\/chiude-lunico-punto-nascita-dei-monti-sicani-cittadini-e-amministratori-in-protesta\\\/\"]}]},{\"@type\":\"ImageObject\",\"inLanguage\":\"it-IT\",\"@id\":\"https:\\\/\\\/www.magaze.it\\\/wps\\\/2015\\\/08\\\/30\\\/chiude-lunico-punto-nascita-dei-monti-sicani-cittadini-e-amministratori-in-protesta\\\/#primaryimage\",\"url\":\"https:\\\/\\\/www.magaze.it\\\/wps\\\/wp-content\\\/uploads\\\/2015\\\/08\\\/maxresdefault15.jpg\",\"contentUrl\":\"https:\\\/\\\/www.magaze.it\\\/wps\\\/wp-content\\\/uploads\\\/2015\\\/08\\\/maxresdefault15.jpg\",\"width\":1280,\"height\":720},{\"@type\":\"BreadcrumbList\",\"@id\":\"https:\\\/\\\/www.magaze.it\\\/wps\\\/2015\\\/08\\\/30\\\/chiude-lunico-punto-nascita-dei-monti-sicani-cittadini-e-amministratori-in-protesta\\\/#breadcrumb\",\"itemListElement\":[{\"@type\":\"ListItem\",\"position\":1,\"name\":\"Home\",\"item\":\"https:\\\/\\\/www.magaze.it\\\/wps\\\/\"},{\"@type\":\"ListItem\",\"position\":2,\"name\":\"Chiude l\u2019unico punto nascita dei Monti Sicani: cittadini e amministratori in protesta\"}]},{\"@type\":\"WebSite\",\"@id\":\"https:\\\/\\\/www.magaze.it\\\/wps\\\/#website\",\"url\":\"https:\\\/\\\/www.magaze.it\\\/wps\\\/\",\"name\":\"Magaze.it\",\"description\":\"L&#039;Informazione dei Sicani\",\"publisher\":{\"@id\":\"https:\\\/\\\/www.magaze.it\\\/wps\\\/#organization\"},\"potentialAction\":[{\"@type\":\"SearchAction\",\"target\":{\"@type\":\"EntryPoint\",\"urlTemplate\":\"https:\\\/\\\/www.magaze.it\\\/wps\\\/?s={search_term_string}\"},\"query-input\":{\"@type\":\"PropertyValueSpecification\",\"valueRequired\":true,\"valueName\":\"search_term_string\"}}],\"inLanguage\":\"it-IT\"},{\"@type\":\"Organization\",\"@id\":\"https:\\\/\\\/www.magaze.it\\\/wps\\\/#organization\",\"name\":\"Magaze\",\"url\":\"https:\\\/\\\/www.magaze.it\\\/wps\\\/\",\"logo\":{\"@type\":\"ImageObject\",\"inLanguage\":\"it-IT\",\"@id\":\"https:\\\/\\\/www.magaze.it\\\/wps\\\/#\\\/schema\\\/logo\\\/image\\\/\",\"url\":\"https:\\\/\\\/www.magaze.it\\\/wps\\\/wp-content\\\/uploads\\\/2019\\\/10\\\/logo-magaze.png\",\"contentUrl\":\"https:\\\/\\\/www.magaze.it\\\/wps\\\/wp-content\\\/uploads\\\/2019\\\/10\\\/logo-magaze.png\",\"width\":1500,\"height\":1500,\"caption\":\"Magaze\"},\"image\":{\"@id\":\"https:\\\/\\\/www.magaze.it\\\/wps\\\/#\\\/schema\\\/logo\\\/image\\\/\"},\"sameAs\":[\"https:\\\/\\\/www.facebook.com\\\/magaze.it\\\/\",\"https:\\\/\\\/x.com\\\/magazeit\",\"https:\\\/\\\/www.linkedin.com\\\/company\\\/magazeit\\\/\"]},{\"@type\":\"Person\",\"@id\":\"https:\\\/\\\/www.magaze.it\\\/wps\\\/#\\\/schema\\\/person\\\/30d02fa9bf393f8acbcec02ad886b0f6\",\"name\":\"Epifania Lo Presti\",\"image\":{\"@type\":\"ImageObject\",\"inLanguage\":\"it-IT\",\"@id\":\"https:\\\/\\\/secure.gravatar.com\\\/avatar\\\/7824e12f00d1ca4cb22eb029518f8dbce2a51f02589604b16c78efd5978f0b1f?s=96&d=wp_user_avatar&r=g\",\"url\":\"https:\\\/\\\/secure.gravatar.com\\\/avatar\\\/7824e12f00d1ca4cb22eb029518f8dbce2a51f02589604b16c78efd5978f0b1f?s=96&d=wp_user_avatar&r=g\",\"contentUrl\":\"https:\\\/\\\/secure.gravatar.com\\\/avatar\\\/7824e12f00d1ca4cb22eb029518f8dbce2a51f02589604b16c78efd5978f0b1f?s=96&d=wp_user_avatar&r=g\",\"caption\":\"Epifania Lo Presti\"},\"description\":\"Giornalista pubblicista con una laurea magistrale in Teorie della Comunicazione, collaboro con Magaze dal 2011. Attivista per i diritti umani, sensibile ai temi sociali e al fenomeno della migrazione, ne scrivo su Maghweb.org\",\"sameAs\":[\"https:\\\/\\\/medium.com\\\/@E__piff\"],\"url\":\"https:\\\/\\\/www.magaze.it\\\/wps\\\/author\\\/epifania-lo-presti\\\/\"}]}<\/script>\n<!-- \/ Yoast SEO plugin. -->","yoast_head_json":{"title":"Chiude l\u2019unico punto nascita dei Monti Sicani: cittadini e amministratori in protesta - Magaze.it","description":"SANTO STEFANO QUISQUINA -\u00a0La chiusura del punto nascita\u00a0della\u00a0clinica Attardi di Santo Stefano Quisquina si fa sempre pi\u00f9 vicina, la data prevista \u00e8 il 1\u00b0","robots":{"index":"index","follow":"follow","max-snippet":"max-snippet:-1","max-image-preview":"max-image-preview:large","max-video-preview":"max-video-preview:-1"},"canonical":"https:\/\/www.magaze.it\/wps\/2015\/08\/30\/chiude-lunico-punto-nascita-dei-monti-sicani-cittadini-e-amministratori-in-protesta\/","og_locale":"it_IT","og_type":"article","og_title":"Chiude l\u2019unico punto nascita dei Monti Sicani: cittadini e amministratori in protesta - Magaze.it","og_description":"SANTO STEFANO QUISQUINA -\u00a0La chiusura del punto nascita\u00a0della\u00a0clinica Attardi di Santo Stefano Quisquina si fa sempre pi\u00f9 vicina, la data prevista \u00e8 il 1\u00b0","og_url":"https:\/\/www.magaze.it\/wps\/2015\/08\/30\/chiude-lunico-punto-nascita-dei-monti-sicani-cittadini-e-amministratori-in-protesta\/","og_site_name":"Magaze.it","article_publisher":"https:\/\/www.facebook.com\/magaze.it\/","article_published_time":"2015-08-30T11:38:18+00:00","article_modified_time":"2015-08-30T14:48:34+00:00","og_image":[{"width":1280,"height":720,"url":"https:\/\/www.magaze.it\/wps\/wp-content\/uploads\/2015\/08\/maxresdefault15.jpg","type":"image\/jpeg"}],"author":"Epifania Lo Presti","twitter_card":"summary_large_image","twitter_creator":"@magazeit","twitter_site":"@magazeit","twitter_misc":{"Scritto da":"Epifania Lo Presti","Tempo di lettura stimato":"3 minuti"},"schema":{"@context":"https:\/\/schema.org","@graph":[{"@type":"Article","@id":"https:\/\/www.magaze.it\/wps\/2015\/08\/30\/chiude-lunico-punto-nascita-dei-monti-sicani-cittadini-e-amministratori-in-protesta\/#article","isPartOf":{"@id":"https:\/\/www.magaze.it\/wps\/2015\/08\/30\/chiude-lunico-punto-nascita-dei-monti-sicani-cittadini-e-amministratori-in-protesta\/"},"author":{"name":"Epifania Lo Presti","@id":"https:\/\/www.magaze.it\/wps\/#\/schema\/person\/30d02fa9bf393f8acbcec02ad886b0f6"},"headline":"Chiude l\u2019unico punto nascita dei Monti Sicani: cittadini e amministratori in protesta","datePublished":"2015-08-30T11:38:18+00:00","dateModified":"2015-08-30T14:48:34+00:00","mainEntityOfPage":{"@id":"https:\/\/www.magaze.it\/wps\/2015\/08\/30\/chiude-lunico-punto-nascita-dei-monti-sicani-cittadini-e-amministratori-in-protesta\/"},"wordCount":661,"commentCount":1,"publisher":{"@id":"https:\/\/www.magaze.it\/wps\/#organization"},"image":{"@id":"https:\/\/www.magaze.it\/wps\/2015\/08\/30\/chiude-lunico-punto-nascita-dei-monti-sicani-cittadini-e-amministratori-in-protesta\/#primaryimage"},"thumbnailUrl":"https:\/\/www.magaze.it\/wps\/wp-content\/uploads\/2015\/08\/maxresdefault15.jpg","keywords":["Alessandria della Rocca","Beatrice Lorenzin","Bivona","Cammarata","Castronovo di Sicilia","chiusura punto nascita","Cianciana","Clinica Attardi","giovanni panepinto","Gucciardi","Lercara Friddi","Monti Sicani","Prizzi","San Biagio Platani e Santo Stefano Quisquina","San Giovanni Gemini","sanit\u00e0","Tonino Moscatt","Vincenzo Fontana"],"articleSection":["&gt;&gt; Secondo Piano","- Monti Sicani","Alessandria della Rocca","Bivona","Cammarata","Castronovo di Sicilia","Cianciana","Lercara Friddi","Prizzi","San Biagio Platani","San Giovanni Gemini","Santo Stefano Quisquina","Sicilia"],"inLanguage":"it-IT","potentialAction":[{"@type":"CommentAction","name":"Comment","target":["https:\/\/www.magaze.it\/wps\/2015\/08\/30\/chiude-lunico-punto-nascita-dei-monti-sicani-cittadini-e-amministratori-in-protesta\/#respond"]}]},{"@type":"WebPage","@id":"https:\/\/www.magaze.it\/wps\/2015\/08\/30\/chiude-lunico-punto-nascita-dei-monti-sicani-cittadini-e-amministratori-in-protesta\/","url":"https:\/\/www.magaze.it\/wps\/2015\/08\/30\/chiude-lunico-punto-nascita-dei-monti-sicani-cittadini-e-amministratori-in-protesta\/","name":"Chiude l\u2019unico punto nascita dei Monti Sicani: cittadini e amministratori in protesta - Magaze.it","isPartOf":{"@id":"https:\/\/www.magaze.it\/wps\/#website"},"primaryImageOfPage":{"@id":"https:\/\/www.magaze.it\/wps\/2015\/08\/30\/chiude-lunico-punto-nascita-dei-monti-sicani-cittadini-e-amministratori-in-protesta\/#primaryimage"},"image":{"@id":"https:\/\/www.magaze.it\/wps\/2015\/08\/30\/chiude-lunico-punto-nascita-dei-monti-sicani-cittadini-e-amministratori-in-protesta\/#primaryimage"},"thumbnailUrl":"https:\/\/www.magaze.it\/wps\/wp-content\/uploads\/2015\/08\/maxresdefault15.jpg","datePublished":"2015-08-30T11:38:18+00:00","dateModified":"2015-08-30T14:48:34+00:00","description":"SANTO STEFANO QUISQUINA -\u00a0La chiusura del punto nascita\u00a0della\u00a0clinica Attardi di Santo Stefano Quisquina si fa sempre pi\u00f9 vicina, la data prevista \u00e8 il 1\u00b0","breadcrumb":{"@id":"https:\/\/www.magaze.it\/wps\/2015\/08\/30\/chiude-lunico-punto-nascita-dei-monti-sicani-cittadini-e-amministratori-in-protesta\/#breadcrumb"},"inLanguage":"it-IT","potentialAction":[{"@type":"ReadAction","target":["https:\/\/www.magaze.it\/wps\/2015\/08\/30\/chiude-lunico-punto-nascita-dei-monti-sicani-cittadini-e-amministratori-in-protesta\/"]}]},{"@type":"ImageObject","inLanguage":"it-IT","@id":"https:\/\/www.magaze.it\/wps\/2015\/08\/30\/chiude-lunico-punto-nascita-dei-monti-sicani-cittadini-e-amministratori-in-protesta\/#primaryimage","url":"https:\/\/www.magaze.it\/wps\/wp-content\/uploads\/2015\/08\/maxresdefault15.jpg","contentUrl":"https:\/\/www.magaze.it\/wps\/wp-content\/uploads\/2015\/08\/maxresdefault15.jpg","width":1280,"height":720},{"@type":"BreadcrumbList","@id":"https:\/\/www.magaze.it\/wps\/2015\/08\/30\/chiude-lunico-punto-nascita-dei-monti-sicani-cittadini-e-amministratori-in-protesta\/#breadcrumb","itemListElement":[{"@type":"ListItem","position":1,"name":"Home","item":"https:\/\/www.magaze.it\/wps\/"},{"@type":"ListItem","position":2,"name":"Chiude l\u2019unico punto nascita dei Monti Sicani: cittadini e amministratori in protesta"}]},{"@type":"WebSite","@id":"https:\/\/www.magaze.it\/wps\/#website","url":"https:\/\/www.magaze.it\/wps\/","name":"Magaze.it","description":"L&#039;Informazione dei Sicani","publisher":{"@id":"https:\/\/www.magaze.it\/wps\/#organization"},"potentialAction":[{"@type":"SearchAction","target":{"@type":"EntryPoint","urlTemplate":"https:\/\/www.magaze.it\/wps\/?s={search_term_string}"},"query-input":{"@type":"PropertyValueSpecification","valueRequired":true,"valueName":"search_term_string"}}],"inLanguage":"it-IT"},{"@type":"Organization","@id":"https:\/\/www.magaze.it\/wps\/#organization","name":"Magaze","url":"https:\/\/www.magaze.it\/wps\/","logo":{"@type":"ImageObject","inLanguage":"it-IT","@id":"https:\/\/www.magaze.it\/wps\/#\/schema\/logo\/image\/","url":"https:\/\/www.magaze.it\/wps\/wp-content\/uploads\/2019\/10\/logo-magaze.png","contentUrl":"https:\/\/www.magaze.it\/wps\/wp-content\/uploads\/2019\/10\/logo-magaze.png","width":1500,"height":1500,"caption":"Magaze"},"image":{"@id":"https:\/\/www.magaze.it\/wps\/#\/schema\/logo\/image\/"},"sameAs":["https:\/\/www.facebook.com\/magaze.it\/","https:\/\/x.com\/magazeit","https:\/\/www.linkedin.com\/company\/magazeit\/"]},{"@type":"Person","@id":"https:\/\/www.magaze.it\/wps\/#\/schema\/person\/30d02fa9bf393f8acbcec02ad886b0f6","name":"Epifania Lo Presti","image":{"@type":"ImageObject","inLanguage":"it-IT","@id":"https:\/\/secure.gravatar.com\/avatar\/7824e12f00d1ca4cb22eb029518f8dbce2a51f02589604b16c78efd5978f0b1f?s=96&d=wp_user_avatar&r=g","url":"https:\/\/secure.gravatar.com\/avatar\/7824e12f00d1ca4cb22eb029518f8dbce2a51f02589604b16c78efd5978f0b1f?s=96&d=wp_user_avatar&r=g","contentUrl":"https:\/\/secure.gravatar.com\/avatar\/7824e12f00d1ca4cb22eb029518f8dbce2a51f02589604b16c78efd5978f0b1f?s=96&d=wp_user_avatar&r=g","caption":"Epifania Lo Presti"},"description":"Giornalista pubblicista con una laurea magistrale in Teorie della Comunicazione, collaboro con Magaze dal 2011. Attivista per i diritti umani, sensibile ai temi sociali e al fenomeno della migrazione, ne scrivo su Maghweb.org","sameAs":["https:\/\/medium.com\/@E__piff"],"url":"https:\/\/www.magaze.it\/wps\/author\/epifania-lo-presti\/"}]}},"amp_enabled":true,"_links":{"self":[{"href":"https:\/\/www.magaze.it\/wps\/wp-json\/wp\/v2\/posts\/107463","targetHints":{"allow":["GET"]}}],"collection":[{"href":"https:\/\/www.magaze.it\/wps\/wp-json\/wp\/v2\/posts"}],"about":[{"href":"https:\/\/www.magaze.it\/wps\/wp-json\/wp\/v2\/types\/post"}],"author":[{"embeddable":true,"href":"https:\/\/www.magaze.it\/wps\/wp-json\/wp\/v2\/users\/724"}],"replies":[{"embeddable":true,"href":"https:\/\/www.magaze.it\/wps\/wp-json\/wp\/v2\/comments?post=107463"}],"version-history":[{"count":0,"href":"https:\/\/www.magaze.it\/wps\/wp-json\/wp\/v2\/posts\/107463\/revisions"}],"wp:featuredmedia":[{"embeddable":true,"href":"https:\/\/www.magaze.it\/wps\/wp-json\/wp\/v2\/media\/107529"}],"wp:attachment":[{"href":"https:\/\/www.magaze.it\/wps\/wp-json\/wp\/v2\/media?parent=107463"}],"wp:term":[{"taxonomy":"category","embeddable":true,"href":"https:\/\/www.magaze.it\/wps\/wp-json\/wp\/v2\/categories?post=107463"},{"taxonomy":"post_tag","embeddable":true,"href":"https:\/\/www.magaze.it\/wps\/wp-json\/wp\/v2\/tags?post=107463"}],"curies":[{"name":"wp","href":"https:\/\/api.w.org\/{rel}","templated":true}]}}